{"id":5746,"date":"2025-01-09T13:40:34","date_gmt":"2025-01-09T10:40:34","guid":{"rendered":"https:\/\/www.denizliviphaber.com\/?p=5746"},"modified":"2025-01-09T13:40:44","modified_gmt":"2025-01-09T10:40:44","slug":"bozkurtta-yeni-yol-calismalari-basliyor","status":"publish","type":"post","link":"https:\/\/www.denizliviphaber.com\/index.php\/2025\/01\/09\/bozkurtta-yeni-yol-calismalari-basliyor\/","title":{"rendered":"Bozkurt&#8217;ta Yeni Yol \u00c7al\u0131\u015fmalar\u0131 Ba\u015fl\u0131yor"},"content":{"rendered":"\n<h2 class=\"wp-block-heading\" id=\"spot\">Bozkurt Belediye Ba\u015fkan\u0131 Birsen \u00c7elik, il\u00e7ede yap\u0131lacak yeni yol \u00e7al\u0131\u015fmalar\u0131n\u0131n 13 Ocak&#8217;ta ba\u015flayaca\u011f\u0131n\u0131 ve bu projelerin ula\u015f\u0131m altyap\u0131s\u0131n\u0131 g\u00fc\u00e7lendirece\u011fini duyurdu.<\/h2>\n\n\n\n<figure class=\"wp-block-image size-full\"><img decoding=\"async\" loading=\"lazy\" width=\"802\" height=\"428\" src=\"https:\/\/www.denizliviphaber.com\/wp-content\/uploads\/2025\/01\/image-2.png\" alt=\"\" class=\"wp-image-5747\" srcset=\"https:\/\/www.denizliviphaber.com\/wp-content\/uploads\/2025\/01\/image-2.png 802w, https:\/\/www.denizliviphaber.com\/wp-content\/uploads\/2025\/01\/image-2-300x160.png 300w, https:\/\/www.denizliviphaber.com\/wp-content\/uploads\/2025\/01\/image-2-768x410.png 768w\" sizes=\"(max-width: 802px) 100vw, 802px\" \/><\/figure>\n\n\n\n<p><\/p>\n\n\n\n<p><a href=\"https:\/\/www.sondakika.com\/bozkurt\/\">Bozkurt<\/a>&nbsp;Belediye Ba\u015fkan\u0131&nbsp;<a href=\"https:\/\/www.sondakika.com\/birsen-celik\/\">Birsen \u00c7elik<\/a>, il\u00e7ede yeni yol \u00e7al\u0131\u015fmalar\u0131na ba\u015flad\u0131klar\u0131n\u0131 m\u00fcjdeleyerek, &#8220;Yol \u00e7al\u0131\u015fmas\u0131 ihalemizin sonu\u00e7lanmas\u0131n\u0131n ard\u0131ndan hi\u00e7 zaman kaybetmeden \u00e7al\u0131\u015fmalara ba\u015fl\u0131yoruz&#8221; dedi.<\/p>\n\n\n\n<p>Belediye olarak, il\u00e7enin altyap\u0131s\u0131n\u0131 g\u00fc\u00e7lendirmek ve ula\u015f\u0131m a\u011f\u0131n\u0131 iyile\u015ftirmek ad\u0131na b\u00fcy\u00fck bir ad\u0131m att\u0131klar\u0131n\u0131 belirten Bozkurt Belediye Ba\u015fkan\u0131 Birsen \u00c7elik, bu \u00e7al\u0131\u015fmalar\u0131n Bozkurt&#8217;a \u00f6nemli katk\u0131lar sa\u011flayaca\u011f\u0131n\u0131 vurgulad\u0131. Bozkurt&#8217;ta ger\u00e7ekle\u015ftirilecek olan yol \u00e7al\u0131\u015fmalar\u0131n\u0131n \u00f6ncesinde ilk ad\u0131mlar at\u0131ld\u0131.&nbsp;<a href=\"https:\/\/www.sondakika.com\/denizli\/\">Denizli<\/a>&nbsp;B\u00fcy\u00fck\u015fehir Belediyesi \u0130l\u00e7e Koordinat\u00f6r\u00fc Soner Kara, Fen \u0130\u015fleri B\u00f6lge Sorumlusu \u00d6mer&nbsp;<a href=\"https:\/\/www.sondakika.com\/faruk-kilic\/\">Faruk K\u0131l\u0131\u00e7<\/a>&nbsp;ve ihaleyi kazanan \u015eirket Yetkilisi Erkan T\u0131k\u0131ro\u011flu ile birlikte il\u00e7ede tespit ve \u00f6n ara\u015ft\u0131rma yapmak \u00fczere bir araya gelindi. \u00c7al\u0131\u015fmalar\u0131n ba\u015flayaca\u011f\u0131 g\u00fczergahlar \u00fczerinde detayl\u0131 incelemelerde bulunan ekip, altyap\u0131 ihtiya\u00e7lar\u0131 ve yol standartlar\u0131 hakk\u0131nda gerekli de\u011ferlendirmeleri yapt\u0131.<\/p>\n\n\n\n<p><a href=\"https:\/\/clck.idealmedia.io\/ghits\/21735261\/i\/58046312\/3\/pp\/1\/1?h=Eo_G67kzHw-fiTjJhzVAEDdMrwY9vWNyB0nFXKTLkm97q-pIidfUUH0MB45OLBNyj7JJP7uW7Tb37U0Sl7qM1O9qjTTz4KK4T-Cl-TYZTUs*&amp;rid=6d4fff7b-ce75-11ef-b44c-e43d1a2a04aa&amp;ts=sondakika.com&amp;tt=Referral&amp;att=4&amp;cpm=1&amp;abd=1&amp;iv=17&amp;ct=1&amp;gdprApplies=0&amp;muid=p09tGBCnFJj2&amp;st=180&amp;mp4=1&amp;h2=7TaqJM6m1lgIXUeb7KPVsY9rc6hUVYITHAzH4KIGlHg_pZt1h9AGHeBqmKL0dpQl\" target=\"_blank\" rel=\"noreferrer noopener\"><\/a>\u0130l\u00e7eye katk\u0131 sa\u011flayacak yat\u0131r\u0131m<\/p>\n\n\n\n<figure class=\"wp-block-image size-full\"><img decoding=\"async\" loading=\"lazy\" width=\"444\" height=\"353\" src=\"https:\/\/www.denizliviphaber.com\/wp-content\/uploads\/2025\/01\/image-3.png\" alt=\"\" class=\"wp-image-5748\" srcset=\"https:\/\/www.denizliviphaber.com\/wp-content\/uploads\/2025\/01\/image-3.png 444w, https:\/\/www.denizliviphaber.com\/wp-content\/uploads\/2025\/01\/image-3-300x239.png 300w\" sizes=\"(max-width: 444px) 100vw, 444px\" \/><\/figure>\n\n\n\n<p>Ba\u015fkan \u00c7elik, yol \u00e7al\u0131\u015fmalar\u0131n\u0131n Bozkurt i\u00e7in \u00f6nemli bir yat\u0131r\u0131m oldu\u011funu ifade etti. Yapt\u0131\u011f\u0131 a\u00e7\u0131klamada, bu projeyle hem \u015fehir i\u00e7i ula\u015f\u0131m\u0131n rahatlayaca\u011f\u0131n\u0131 hem de b\u00f6lgedeki&nbsp;<a href=\"https:\/\/www.sondakika.com\/trafik\/\">trafik<\/a>&nbsp;g\u00fcvenli\u011finin artaca\u011f\u0131n\u0131 belirten \u00c7elik, &#8220;Bu yat\u0131r\u0131m il\u00e7emiz i\u00e7in hayati bir \u00f6nem ta\u015f\u0131yor. Amac\u0131m\u0131z, vatanda\u015flar\u0131m\u0131za daha g\u00fcvenli ve konforlu yollar sunmak&#8221; dedi. \u00c7elik, ayr\u0131ca yap\u0131lan bu t\u00fcr yat\u0131r\u0131mlar\u0131n sadece ula\u015f\u0131m a\u00e7\u0131s\u0131ndan de\u011fil, il\u00e7enin genel kalk\u0131nmas\u0131 a\u00e7\u0131s\u0131ndan da b\u00fcy\u00fck faydalar sa\u011flayaca\u011f\u0131na inand\u0131\u011f\u0131n\u0131 s\u00f6zlerine ekledi.<\/p>\n\n\n\n<p>\u00c7al\u0131\u015fmalar 13 Ocak&#8217;ta ba\u015flayacak<\/p>\n\n\n\n<p>Yol \u00e7al\u0131\u015fmalar\u0131n\u0131n 13 Ocak Pazartesi g\u00fcn\u00fc ba\u015flayaca\u011f\u0131n\u0131 duyuran Ba\u015fkan \u00c7elik, projelerin k\u0131sa s\u00fcre i\u00e7erisinde tamamlanmas\u0131 hedeflendi\u011fini belirtti. \u00c7al\u0131\u015fmalar\u0131n, il\u00e7edeki \u00e7e\u015fitli cadde ve sokaklarda yap\u0131lacak iyile\u015ftirmelerle ba\u015flamas\u0131 bekleniyor. Ba\u015fkan \u00c7elik, bu s\u00fcre\u00e7te Bozkurtlular&#8217;\u0131n sab\u0131rl\u0131 olmalar\u0131n\u0131 ve yol \u00e7al\u0131\u015fmalar\u0131n\u0131n tamamlanmas\u0131n\u0131n ard\u0131ndan il\u00e7enin ula\u015f\u0131m altyap\u0131s\u0131n\u0131n \u00f6nemli \u00f6l\u00e7\u00fcde iyile\u015fece\u011fini ifade etti.<\/p>\n\n\n\n<p>Ba\u015fkan Birsen \u00c7elik, yol \u00e7al\u0131\u015fmalar\u0131n\u0131n Bozkurt&#8217;a hay\u0131rl\u0131 olmas\u0131n\u0131 temenni etti. Yat\u0131r\u0131m\u0131n, il\u00e7edeki altyap\u0131 eksikliklerini gidermeye y\u00f6nelik \u00f6nemli bir ad\u0131m oldu\u011funun alt\u0131n\u0131 \u00e7izen \u00c7elik, &#8220;\u0130l\u00e7emiz i\u00e7in hay\u0131rl\u0131 bir ba\u015flang\u0131\u00e7 yap\u0131yoruz. Bu \u00e7al\u0131\u015fmalar\u0131n sonu\u00e7lar\u0131, hem vatanda\u015flar\u0131m\u0131za hem de Bozkurt&#8217;un gelece\u011fine b\u00fcy\u00fck katk\u0131 sa\u011flayacakt\u0131r. \u015eimdiden il\u00e7emize, t\u00fcm vatanda\u015flar\u0131m\u0131za hay\u0131rl\u0131 olsun&#8221; dedi. <\/p>\n","protected":false},"excerpt":{"rendered":"<p>Bozkurt Belediye Ba\u015fkan\u0131 Birsen \u00c7elik, il\u00e7ede yap\u0131lacak yeni yol \u00e7al\u0131\u015fmalar\u0131n\u0131n 13 Ocak&#8217;ta ba\u015flayaca\u011f\u0131n\u0131 ve bu projelerin ula\u015f\u0131m altyap\u0131s\u0131n\u0131 g\u00fc\u00e7lendirece\u011fini duyurdu. Bozkurt&nbsp;Belediye Ba\u015fkan\u0131&nbsp;Birsen \u00c7elik, il\u00e7ede yeni yol \u00e7al\u0131\u015fmalar\u0131na ba\u015flad\u0131klar\u0131n\u0131 m\u00fcjdeleyerek, &#8220;Yol \u00e7al\u0131\u015fmas\u0131 ihalemizin sonu\u00e7lanmas\u0131n\u0131n ard\u0131ndan hi\u00e7 zaman kaybetmeden \u00e7al\u0131\u015fmalara ba\u015fl\u0131yoruz&#8221; dedi. Belediye olarak, il\u00e7enin altyap\u0131s\u0131n\u0131 g\u00fc\u00e7lendirmek ve ula\u015f\u0131m a\u011f\u0131n\u0131 iyile\u015ftirmek ad\u0131na b\u00fcy\u00fck bir ad\u0131m att\u0131klar\u0131n\u0131 belirten [&hellip;]<\/p>\n","protected":false},"author":1,"featured_media":0,"comment_status":"open","ping_status":"open","sticky":false,"template":"","format":"standard","meta":{"om_disable_all_campaigns":false,"_monsterinsights_skip_tracking":false,"_monsterinsights_sitenote_active":false,"_monsterinsights_sitenote_note":"","_monsterinsights_sitenote_category":0,"footnotes":""},"categories":[1],"tags":[],"aioseo_notices":[],"_links":{"self":[{"href":"https:\/\/www.denizliviphaber.com\/index.php\/wp-json\/wp\/v2\/posts\/5746"}],"collection":[{"href":"https:\/\/www.denizliviphaber.com\/index.php\/wp-json\/wp\/v2\/posts"}],"about":[{"href":"https:\/\/www.denizliviphaber.com\/index.php\/wp-json\/wp\/v2\/types\/post"}],"author":[{"embeddable":true,"href":"https:\/\/www.denizliviphaber.com\/index.php\/wp-json\/wp\/v2\/users\/1"}],"replies":[{"embeddable":true,"href":"https:\/\/www.denizliviphaber.com\/index.php\/wp-json\/wp\/v2\/comments?post=5746"}],"version-history":[{"count":1,"href":"https:\/\/www.denizliviphaber.com\/index.php\/wp-json\/wp\/v2\/posts\/5746\/revisions"}],"predecessor-version":[{"id":5749,"href":"https:\/\/www.denizliviphaber.com\/index.php\/wp-json\/wp\/v2\/posts\/5746\/revisions\/5749"}],"wp:attachment":[{"href":"https:\/\/www.denizliviphaber.com\/index.php\/wp-json\/wp\/v2\/media?parent=5746"}],"wp:term":[{"taxonomy":"category","embeddable":true,"href":"https:\/\/www.denizliviphaber.com\/index.php\/wp-json\/wp\/v2\/categories?post=5746"},{"taxonomy":"post_tag","embeddable":true,"href":"https:\/\/www.denizliviphaber.com\/index.php\/wp-json\/wp\/v2\/tags?post=5746"}],"curies":[{"name":"wp","href":"https:\/\/api.w.org\/{rel}","templated":true}]}}