{"id":5687,"date":"2024-12-27T14:17:44","date_gmt":"2024-12-27T11:17:44","guid":{"rendered":"https:\/\/www.denizliviphaber.com\/?p=5687"},"modified":"2024-12-27T14:17:45","modified_gmt":"2024-12-27T11:17:45","slug":"alanindaki-tek-fabrikaydi-once-kapattilar-simdi-devrediliyor","status":"publish","type":"post","link":"https:\/\/www.denizliviphaber.com\/index.php\/2024\/12\/27\/alanindaki-tek-fabrikaydi-once-kapattilar-simdi-devrediliyor\/","title":{"rendered":"Alan\u0131ndaki tek fabrikayd\u0131. \u00d6nce kapatt\u0131lar \u015fimdi devrediliyor"},"content":{"rendered":"\n<figure class=\"wp-block-image\"><img decoding=\"async\" src=\"https:\/\/cdn.halktv.com.tr\/news_t\/388062.jpg\" alt=\"Alan\u0131ndaki tek fabrikayd\u0131. \u00d6nce kapatt\u0131lar \u015fimdi devrediliyor\"\/><\/figure>\n\n\n\n<p>T\u00fcrkiye\u2019nin 365 g\u00fcn \u015feker \u00fcretimi yapabilecek tek fabrikas\u0131 olan \u00c7ar\u015famba \u015eeker Fabrikas\u0131 Milli Savunma Bakanl\u0131\u011f\u0131na devredilecek. Bakanl\u0131k fabrika alan\u0131n\u0131 Makine Kimya End\u00fcstrisi (MKE)\u2019ye verecek. TSK\u2019n\u0131n ihtiya\u00e7 duydu\u011fu stratejik malzemeler burada \u00fcretilecek.Play Video<\/p>\n\n\n\n<p>AKP Samsun Milletvekili ve TBMM Plan ve B\u00fct\u00e7e Komisyonu Ba\u015fkan\u0131 Mehmet Mu\u015f\u2019un a\u00e7\u0131klamalar\u0131na g\u00f6re \u00c7ar\u015famba \u015eeker Fabrikas\u0131\u2019n\u0131n arazisi ve ta\u015f\u0131nmazlar\u0131 ile birlikte Milli Savunma Bakanl\u0131\u011f\u0131\u2019na devri ile ilgili karar\u0131 imzaland\u0131.<\/p>\n\n\n\n<h2 class=\"wp-block-heading\">BAKANLIK 4 YIL \u00d6NCE \u0130\u015eLET\u0130LMEK \u00dcZERE DEVREYE G\u0130RM\u0130\u015eT\u0130<\/h2>\n\n\n\n<p>Tar\u0131mdan Haber&#8217;den Sadettin \u0130nan&#8217;\u0131n haberine g\u00f6re \u00c7ar\u015famba \u015eeker Fabrikas\u0131 4 y\u0131ldan sonra yeniden \u00fcretime kazand\u0131rmak istenmi\u015fti. Hazine\u2019den milyon dolarlar harcanm\u0131\u015f, b\u00f6lgedeki \u00e7ift\u00e7i yap\u0131lan yat\u0131r\u0131mla yeniden umutlanarak pancar ekmeye ba\u015flam\u0131\u015ft\u0131.<\/p>\n","protected":false},"excerpt":{"rendered":"<p>T\u00fcrkiye\u2019nin 365 g\u00fcn \u015feker \u00fcretimi yapabilecek tek fabrikas\u0131 olan \u00c7ar\u015famba \u015eeker Fabrikas\u0131 Milli Savunma Bakanl\u0131\u011f\u0131na devredilecek. Bakanl\u0131k fabrika alan\u0131n\u0131 Makine Kimya End\u00fcstrisi (MKE)\u2019ye verecek. TSK\u2019n\u0131n ihtiya\u00e7 duydu\u011fu stratejik malzemeler burada \u00fcretilecek.Play Video AKP Samsun Milletvekili ve TBMM Plan ve B\u00fct\u00e7e Komisyonu Ba\u015fkan\u0131 Mehmet Mu\u015f\u2019un a\u00e7\u0131klamalar\u0131na g\u00f6re \u00c7ar\u015famba \u015eeker Fabrikas\u0131\u2019n\u0131n arazisi ve ta\u015f\u0131nmazlar\u0131 ile birlikte Milli [&hellip;]<\/p>\n","protected":false},"author":1,"featured_media":0,"comment_status":"open","ping_status":"open","sticky":false,"template":"","format":"standard","meta":{"om_disable_all_campaigns":false,"_monsterinsights_skip_tracking":false,"_monsterinsights_sitenote_active":false,"_monsterinsights_sitenote_note":"","_monsterinsights_sitenote_category":0,"footnotes":""},"categories":[253,19,1,568],"tags":[],"aioseo_notices":[],"_links":{"self":[{"href":"https:\/\/www.denizliviphaber.com\/index.php\/wp-json\/wp\/v2\/posts\/5687"}],"collection":[{"href":"https:\/\/www.denizliviphaber.com\/index.php\/wp-json\/wp\/v2\/posts"}],"about":[{"href":"https:\/\/www.denizliviphaber.com\/index.php\/wp-json\/wp\/v2\/types\/post"}],"author":[{"embeddable":true,"href":"https:\/\/www.denizliviphaber.com\/index.php\/wp-json\/wp\/v2\/users\/1"}],"replies":[{"embeddable":true,"href":"https:\/\/www.denizliviphaber.com\/index.php\/wp-json\/wp\/v2\/comments?post=5687"}],"version-history":[{"count":1,"href":"https:\/\/www.denizliviphaber.com\/index.php\/wp-json\/wp\/v2\/posts\/5687\/revisions"}],"predecessor-version":[{"id":5688,"href":"https:\/\/www.denizliviphaber.com\/index.php\/wp-json\/wp\/v2\/posts\/5687\/revisions\/5688"}],"wp:attachment":[{"href":"https:\/\/www.denizliviphaber.com\/index.php\/wp-json\/wp\/v2\/media?parent=5687"}],"wp:term":[{"taxonomy":"category","embeddable":true,"href":"https:\/\/www.denizliviphaber.com\/index.php\/wp-json\/wp\/v2\/categories?post=5687"},{"taxonomy":"post_tag","embeddable":true,"href":"https:\/\/www.denizliviphaber.com\/index.php\/wp-json\/wp\/v2\/tags?post=5687"}],"curies":[{"name":"wp","href":"https:\/\/api.w.org\/{rel}","templated":true}]}}