{"id":5664,"date":"2024-02-15T15:46:38","date_gmt":"2024-02-15T12:46:38","guid":{"rendered":"https:\/\/www.denizliviphaber.com\/?p=5664"},"modified":"2024-02-15T15:46:40","modified_gmt":"2024-02-15T12:46:40","slug":"baskan-adayi-pekdemir-pamukkale-esnaf-dostu-bir-ilce-olacak","status":"publish","type":"post","link":"https:\/\/www.denizliviphaber.com\/index.php\/2024\/02\/15\/baskan-adayi-pekdemir-pamukkale-esnaf-dostu-bir-ilce-olacak\/","title":{"rendered":"Ba\u015fkan Aday\u0131 Pekdemir; \u201cPamukkale esnaf dostu bir il\u00e7e olacak\u201d"},"content":{"rendered":"\n<p>Pamukkale\u2019yi kar\u0131\u015f kar\u0131\u015f gezerek vatanda\u015flarla bir araya gelen AK Parti Pamukkale Belediye Ba\u015fkan Aday\u0131 Halil Pekdemir, farkl\u0131 mahallelerdeki ziyaretlerini yo\u011fun bir tempoyla s\u00fcrd\u00fcr\u00fcyor.<a href=\"https:\/\/www.facebook.com\/sharer.php?u=https:\/\/www.iha.com.tr\/denizli-haberleri\/baskan-adayi-pekdemir-pamukkale-esnaf-dostu-bir-ilce-olacak-58195326&amp;text=Ba%C5%9Fkan%20Aday%C4%B1%20Pekdemir;%20%E2%80%9CPamukkale%20esnaf%20dostu%20bir%20il%C3%A7e%20olacak%E2%80%9D&amp;via=\" target=\"_blank\" rel=\"noreferrer noopener\"><\/a><a href=\"https:\/\/twitter.com\/intent\/tweet?url=https:\/\/www.iha.com.tr\/denizli-haberleri\/baskan-adayi-pekdemir-pamukkale-esnaf-dostu-bir-ilce-olacak-58195326&amp;text=Ba%C5%9Fkan%20Aday%C4%B1%20Pekdemir;%20%E2%80%9CPamukkale%20esnaf%20dostu%20bir%20il%C3%A7e%20olacak%E2%80%9D\" target=\"_blank\" rel=\"noreferrer noopener\"><\/a><a href=\"\/\/www.iha.com.tr\/denizli-haberleri\/baskan-adayi-pekdemir-pamukkale-esnaf-dostu-bir-ilce-olacak-58195326\" target=\"_blank\" rel=\"noreferrer noopener\"><\/a><a href=\"mailto:?&amp;body=https:\/\/www.iha.com.tr\/denizli-haberleri\/baskan-adayi-pekdemir-pamukkale-esnaf-dostu-bir-ilce-olacak-58195326&amp;subject=Ba%C5%9Fkan%20Aday%C4%B1%20Pekdemir;%20%E2%80%9CPamukkale%20esnaf%20dostu%20bir%20il%C3%A7e%20olacak%E2%80%9D\" target=\"_blank\" rel=\"noreferrer noopener\"><\/a><a href=\"https:\/\/telegram.me\/share\/url?url=https:\/\/www.iha.com.tr\/denizli-haberleri\/baskan-adayi-pekdemir-pamukkale-esnaf-dostu-bir-ilce-olacak-58195326&amp;text=Ba%C5%9Fkan%20Aday%C4%B1%20Pekdemir;%20%E2%80%9CPamukkale%20esnaf%20dostu%20bir%20il%C3%A7e%20olacak%E2%80%9D\" target=\"_blank\" rel=\"noreferrer noopener\"><\/a><a href=\"https:\/\/www.linkedin.com\/shareArticle?url=https:\/\/www.iha.com.tr\/denizli-haberleri\/baskan-adayi-pekdemir-pamukkale-esnaf-dostu-bir-ilce-olacak-58195326&amp;title=Ba%C5%9Fkan%20Aday%C4%B1%20Pekdemir;%20%E2%80%9CPamukkale%20esnaf%20dostu%20bir%20il%C3%A7e%20olacak%E2%80%9D\" target=\"_blank\" rel=\"noreferrer noopener\"><\/a><\/p>\n\n\n\n<figure class=\"wp-block-image size-large is-resized\"><img decoding=\"async\" loading=\"lazy\" width=\"1024\" height=\"682\" src=\"https:\/\/www.denizliviphaber.com\/wp-content\/uploads\/2024\/02\/image-11-1024x682.png\" alt=\"\" class=\"wp-image-5665\" style=\"aspect-ratio:1.501466275659824;width:621px;height:auto\" srcset=\"https:\/\/www.denizliviphaber.com\/wp-content\/uploads\/2024\/02\/image-11-1024x682.png 1024w, https:\/\/www.denizliviphaber.com\/wp-content\/uploads\/2024\/02\/image-11-300x200.png 300w, https:\/\/www.denizliviphaber.com\/wp-content\/uploads\/2024\/02\/image-11-768x512.png 768w, https:\/\/www.denizliviphaber.com\/wp-content\/uploads\/2024\/02\/image-11-1536x1023.png 1536w, https:\/\/www.denizliviphaber.com\/wp-content\/uploads\/2024\/02\/image-11.png 1600w\" sizes=\"(max-width: 1024px) 100vw, 1024px\" \/><\/figure>\n\n\n\n<p>Cumhur \u0130ttifak\u0131 AK Parti Pamukkale Belediye Ba\u015fkan Aday\u0131 Halil Pekdemir, yerel se\u00e7imler \u00f6ncesindeki saha programlar\u0131na t\u00fcm h\u0131z\u0131yla devam ediyor. Son olarak 15 May\u0131s ve Hac\u0131kaplanlar mahallelerinde esnaflar ve vatanda\u015flarla bir araya gelen Pekdemir, mahalle sakinlerinin talep ve \u00f6nerilerini dinledi. Pamukkale\u2019yi daha y\u00fcksek konumlara ta\u015f\u0131ma hedefiyle yola \u00e7\u0131kt\u0131klar\u0131n\u0131 vurgulayan Pekdemir, yeni d\u00f6neme ili\u015fkin projeler hakk\u0131nda vatanda\u015flara bilgi verdi. Pamukkale Belediye Ba\u015fkan Aday\u0131 Halil Pekdemir, belediyecilikte empatinin \u00f6nemine dikkat \u00e7ekerek Pamukkale\u2019nin esnaf dostu bir il\u00e7e olaca\u011f\u0131n\u0131 s\u00f6yledi. Esnaflar\u0131n talep ve \u00f6nerilerinin kendileri i\u00e7in \u00e7ok k\u0131ymetli oldu\u011funu ifade eden Pekdemir, \u201cEsnaflar\u0131m\u0131z haile hem de \u00fclke ekonomimizin temel ta\u015flar\u0131ndan biri. Onlar\u0131n sorun ve taleplerine h\u0131zla ve etkin bir \u015fekilde \u00e7\u00f6z\u00fcm \u00fcretmek b\u00fcy\u00fck \u00f6nem ta\u015f\u0131yor. AK Parti belediyecili\u011finin temeli de \u2018insan dostu belediyecilik\u2019 anlay\u0131\u015f\u0131d\u0131r. Biz de bu anlay\u0131\u015fla esnaf dostu belediye olarak Pamukkalemize hizmet edece\u011fiz\u201d dedi.<br><\/p>\n\n\n\n<p>Pekdemir\u2019e STK temsilcilerinden destek<\/p>\n\n\n\n<p>Esnaf ziyaretlerinin ard\u0131ndan kentteki \u00e7e\u015fitli sivil toplum kurulu\u015flar\u0131nda temaslarda bulunan AK Parti Pamukkale Belediye Ba\u015fkan Aday\u0131 Halil Pekdemir; Esnaf ve Sanatkarlar Kredi Kefalet Kooperatifi, Denizli Esnaf ve Sanatkarlar Odalar\u0131 Birli\u011fi, Mimarlar Odas\u0131 Denizli \u015eubesi ile Denizli Berberler, Kuaf\u00f6rler ve G\u00fczellik Salonu \u0130\u015fletmecileri Esnaf ve Sanatkarlar Odas\u0131\u2019n\u0131 ziyaret etti. Oda ba\u015fkanlar\u0131 ve y\u00f6netim kurulu \u00fcyeleri ile isti\u015farelerde bulunan Ba\u015fkan Aday\u0131 Pekdemir, yeni d\u00f6neme ili\u015fkin merak edilen sorular\u0131 titizlikle cevaplad\u0131. Samimi atmosferde ger\u00e7ekle\u015fen ziyaretlerde, oda ba\u015fkanlar\u0131 Pekdemir\u2019e desteklerini ifade ederken, belediye ba\u015fkanlar\u0131n\u0131n sivil toplum kurulu\u015flar\u0131yla i\u015f birli\u011fi i\u00e7erisinde \u00e7al\u0131\u015fmas\u0131n\u0131n \u00f6nemine vurgu yapt\u0131lar.<\/p>\n","protected":false},"excerpt":{"rendered":"<p>Pamukkale\u2019yi kar\u0131\u015f kar\u0131\u015f gezerek vatanda\u015flarla bir araya gelen AK Parti Pamukkale Belediye Ba\u015fkan Aday\u0131 Halil Pekdemir, farkl\u0131 mahallelerdeki ziyaretlerini yo\u011fun bir tempoyla s\u00fcrd\u00fcr\u00fcyor. Cumhur \u0130ttifak\u0131 AK Parti Pamukkale Belediye Ba\u015fkan Aday\u0131 Halil Pekdemir, yerel se\u00e7imler \u00f6ncesindeki saha programlar\u0131na t\u00fcm h\u0131z\u0131yla devam ediyor. Son olarak 15 May\u0131s ve Hac\u0131kaplanlar mahallelerinde esnaflar ve vatanda\u015flarla bir araya gelen [&hellip;]<\/p>\n","protected":false},"author":1,"featured_media":0,"comment_status":"open","ping_status":"open","sticky":false,"template":"","format":"standard","meta":{"om_disable_all_campaigns":false,"_monsterinsights_skip_tracking":false,"_monsterinsights_sitenote_active":false,"_monsterinsights_sitenote_note":"","_monsterinsights_sitenote_category":0,"footnotes":""},"categories":[16,253,14,19],"tags":[],"aioseo_notices":[],"_links":{"self":[{"href":"https:\/\/www.denizliviphaber.com\/index.php\/wp-json\/wp\/v2\/posts\/5664"}],"collection":[{"href":"https:\/\/www.denizliviphaber.com\/index.php\/wp-json\/wp\/v2\/posts"}],"about":[{"href":"https:\/\/www.denizliviphaber.com\/index.php\/wp-json\/wp\/v2\/types\/post"}],"author":[{"embeddable":true,"href":"https:\/\/www.denizliviphaber.com\/index.php\/wp-json\/wp\/v2\/users\/1"}],"replies":[{"embeddable":true,"href":"https:\/\/www.denizliviphaber.com\/index.php\/wp-json\/wp\/v2\/comments?post=5664"}],"version-history":[{"count":1,"href":"https:\/\/www.denizliviphaber.com\/index.php\/wp-json\/wp\/v2\/posts\/5664\/revisions"}],"predecessor-version":[{"id":5666,"href":"https:\/\/www.denizliviphaber.com\/index.php\/wp-json\/wp\/v2\/posts\/5664\/revisions\/5666"}],"wp:attachment":[{"href":"https:\/\/www.denizliviphaber.com\/index.php\/wp-json\/wp\/v2\/media?parent=5664"}],"wp:term":[{"taxonomy":"category","embeddable":true,"href":"https:\/\/www.denizliviphaber.com\/index.php\/wp-json\/wp\/v2\/categories?post=5664"},{"taxonomy":"post_tag","embeddable":true,"href":"https:\/\/www.denizliviphaber.com\/index.php\/wp-json\/wp\/v2\/tags?post=5664"}],"curies":[{"name":"wp","href":"https:\/\/api.w.org\/{rel}","templated":true}]}}