{"id":5575,"date":"2023-10-19T15:15:58","date_gmt":"2023-10-19T12:15:58","guid":{"rendered":"https:\/\/www.denizliviphaber.com\/?p=5575"},"modified":"2023-10-19T15:16:00","modified_gmt":"2023-10-19T12:16:00","slug":"il-koordinasyon-kurulu-toplantisi-vali-omer-faruk-coskun-baskanliginda-gerceklestirildi","status":"publish","type":"post","link":"https:\/\/www.denizliviphaber.com\/index.php\/2023\/10\/19\/il-koordinasyon-kurulu-toplantisi-vali-omer-faruk-coskun-baskanliginda-gerceklestirildi\/","title":{"rendered":"\u0130L KOORD\u0130NASYON KURULU TOPLANTISI VAL\u0130 \u00d6MER FARUK CO\u015eKUN BA\u015eKANLI\u011eINDA GER\u00c7EKLE\u015eT\u0130R\u0130LD\u0130."},"content":{"rendered":"\n<p>Denizli Valilik Konferans Salonu&#8217;nda d\u00fczenlenen toplant\u0131ya; Valimiz \u00d6mer Faruk Co\u015fkun, Denizli B\u00fcy\u00fck\u015fehir Belediye Ba\u015fkan\u0131 Osman Zolan, Kaymakamlar ve \u0130l\u00e7e Belediye Ba\u015fkanlar\u0131 ile yat\u0131r\u0131mc\u0131 kurulu\u015flar\u0131n b\u00f6lge ve il m\u00fcd\u00fcrleri kat\u0131ld\u0131.<\/p>\n\n\n\n<figure class=\"wp-block-gallery has-nested-images columns-default is-cropped wp-block-gallery-1 is-layout-flex wp-block-gallery-is-layout-flex\">\n<figure class=\"wp-block-image size-large\"><img decoding=\"async\" loading=\"lazy\" width=\"1024\" height=\"493\" data-id=\"5576\" src=\"https:\/\/www.denizliviphaber.com\/wp-content\/uploads\/2023\/10\/WhatsApp-Image-2023_10_18-at-101543-_1_-1024x493.jpeg\" alt=\"\" class=\"wp-image-5576\" srcset=\"https:\/\/www.denizliviphaber.com\/wp-content\/uploads\/2023\/10\/WhatsApp-Image-2023_10_18-at-101543-_1_-1024x493.jpeg 1024w, https:\/\/www.denizliviphaber.com\/wp-content\/uploads\/2023\/10\/WhatsApp-Image-2023_10_18-at-101543-_1_-300x144.jpeg 300w, https:\/\/www.denizliviphaber.com\/wp-content\/uploads\/2023\/10\/WhatsApp-Image-2023_10_18-at-101543-_1_-768x370.jpeg 768w, https:\/\/www.denizliviphaber.com\/wp-content\/uploads\/2023\/10\/WhatsApp-Image-2023_10_18-at-101543-_1_-1536x740.jpeg 1536w, https:\/\/www.denizliviphaber.com\/wp-content\/uploads\/2023\/10\/WhatsApp-Image-2023_10_18-at-101543-_1_.jpeg 1597w\" sizes=\"(max-width: 1024px) 100vw, 1024px\" \/><\/figure>\n<\/figure>\n\n\n\n<p>Denizli Valisi \u00d6mer Faruk Co\u015fkun, toplant\u0131n\u0131n a\u00e7\u0131l\u0131\u015f\u0131nda yapt\u0131\u011f\u0131 konu\u015fmada: \u201cBug\u00fcn \u0130l Koordinasyon Kurulumuzun Ekim ay\u0131 toplant\u0131s\u0131nda g\u00fcndem gere\u011fi kamu kurum ve kurulu\u015flar\u0131m\u0131z ile belediyelerimizin 2023 y\u0131l\u0131 yat\u0131r\u0131mlar\u0131n\u0131n d\u00f6nemsel ger\u00e7ekle\u015fmelerini de\u011ferlendirece\u011fiz.<\/p>\n\n\n\n<p>2023 y\u0131l\u0131 yat\u0131r\u0131mlar\u0131m\u0131za k\u0131saca de\u011finecek olursak; \u0130l genelinde yat\u0131r\u0131mc\u0131 kamu kurum ve kurulu\u015flar\u0131ndan toplam 351 proje \u00fczerinde \u00e7al\u0131\u015fmalar y\u00fcr\u00fct\u00fclmektedir.<\/p>\n\n\n\n<p>Bu projelerin; 130\u2019u Tar\u0131m, 64\u2019\u00fc Di\u011fer Kamu Hizmetleri, 56\u2019s\u0131 Ula\u015ft\u0131rma, 38\u2019i e\u011fitim, 20\u2019si imalat, 15\u2019i sa\u011fl\u0131k, 14\u2019\u00fc enerji,&nbsp; 11\u2019i turizm, 2\u2019si madencilik, 1\u2019i konut sekt\u00f6rlerine aittir.<\/p>\n\n\n\n<p>Projelerin toplam tutar\u0131 21 Milyar 118 Milyon TL, 2023 y\u0131l\u0131 \u00f6dene\u011fi ise 4 Milyar 100 Milyon TL\u2019dir. 2023 y\u0131l\u0131 \u00f6dene\u011finin %63\u2019\u00fc kadar harcama yap\u0131lm\u0131\u015ft\u0131r.<\/p>\n\n\n\n<p>Ayr\u0131ca B\u00fcy\u00fck\u015fehir Belediyesine ait 42 Proje ve DESK\u0130 taraf\u0131ndan y\u00fcr\u00fct\u00fclen 17 proje olmak \u00fczere toplam 59 projenin y\u0131l\u0131 \u00f6dene\u011fi 1 Milyar 543 Milyon TL\u2019dir<\/p>\n\n\n\n<p>Mevcut yat\u0131r\u0131mlar\u0131n tamamlanmas\u0131 ve projelerin hayata ge\u00e7irilmesi y\u00f6n\u00fcnde b\u00fct\u00fcn kurumlar\u0131m\u0131z\u0131n gereken gayreti g\u00f6stereceklerine olan inanc\u0131mla, ba\u015far\u0131lar diliyorum.\u201d dedi.<\/p>\n\n\n\n<p>Denizli Valisi \u00d6mer Faruk Co\u015fkun konu\u015fmas\u0131n\u0131n ard\u0131ndan ilgili kurumlar\u0131n b\u00f6lge ve il m\u00fcd\u00fcrleri sunumlar\u0131n\u0131 ger\u00e7ekle\u015ftirerek, projeler ve yat\u0131r\u0131mlar hakk\u0131nda koordinasyon kurulu \u00fcyelerine bilgi verdiler.<\/p>\n\n\n\n<p><a href=\"javascript:void(0);\"><\/a><\/p>\n","protected":false},"excerpt":{"rendered":"<p>Denizli Valilik Konferans Salonu&#8217;nda d\u00fczenlenen toplant\u0131ya; Valimiz \u00d6mer Faruk Co\u015fkun, Denizli B\u00fcy\u00fck\u015fehir Belediye Ba\u015fkan\u0131 Osman Zolan, Kaymakamlar ve \u0130l\u00e7e Belediye Ba\u015fkanlar\u0131 ile yat\u0131r\u0131mc\u0131 kurulu\u015flar\u0131n b\u00f6lge ve il m\u00fcd\u00fcrleri kat\u0131ld\u0131. Denizli Valisi \u00d6mer Faruk Co\u015fkun, toplant\u0131n\u0131n a\u00e7\u0131l\u0131\u015f\u0131nda yapt\u0131\u011f\u0131 konu\u015fmada: \u201cBug\u00fcn \u0130l Koordinasyon Kurulumuzun Ekim ay\u0131 toplant\u0131s\u0131nda g\u00fcndem gere\u011fi kamu kurum ve kurulu\u015flar\u0131m\u0131z ile belediyelerimizin 2023 y\u0131l\u0131 [&hellip;]<\/p>\n","protected":false},"author":1,"featured_media":0,"comment_status":"open","ping_status":"open","sticky":false,"template":"","format":"standard","meta":{"om_disable_all_campaigns":false,"_monsterinsights_skip_tracking":false,"_monsterinsights_sitenote_active":false,"_monsterinsights_sitenote_note":"","_monsterinsights_sitenote_category":0,"footnotes":""},"categories":[253,19,1,568,15],"tags":[],"aioseo_notices":[],"_links":{"self":[{"href":"https:\/\/www.denizliviphaber.com\/index.php\/wp-json\/wp\/v2\/posts\/5575"}],"collection":[{"href":"https:\/\/www.denizliviphaber.com\/index.php\/wp-json\/wp\/v2\/posts"}],"about":[{"href":"https:\/\/www.denizliviphaber.com\/index.php\/wp-json\/wp\/v2\/types\/post"}],"author":[{"embeddable":true,"href":"https:\/\/www.denizliviphaber.com\/index.php\/wp-json\/wp\/v2\/users\/1"}],"replies":[{"embeddable":true,"href":"https:\/\/www.denizliviphaber.com\/index.php\/wp-json\/wp\/v2\/comments?post=5575"}],"version-history":[{"count":1,"href":"https:\/\/www.denizliviphaber.com\/index.php\/wp-json\/wp\/v2\/posts\/5575\/revisions"}],"predecessor-version":[{"id":5577,"href":"https:\/\/www.denizliviphaber.com\/index.php\/wp-json\/wp\/v2\/posts\/5575\/revisions\/5577"}],"wp:attachment":[{"href":"https:\/\/www.denizliviphaber.com\/index.php\/wp-json\/wp\/v2\/media?parent=5575"}],"wp:term":[{"taxonomy":"category","embeddable":true,"href":"https:\/\/www.denizliviphaber.com\/index.php\/wp-json\/wp\/v2\/categories?post=5575"},{"taxonomy":"post_tag","embeddable":true,"href":"https:\/\/www.denizliviphaber.com\/index.php\/wp-json\/wp\/v2\/tags?post=5575"}],"curies":[{"name":"wp","href":"https:\/\/api.w.org\/{rel}","templated":true}]}}