{"id":5375,"date":"2023-07-17T17:56:17","date_gmt":"2023-07-17T14:56:17","guid":{"rendered":"https:\/\/www.denizliviphaber.com\/?p=5375"},"modified":"2023-07-17T17:56:19","modified_gmt":"2023-07-17T14:56:19","slug":"meteoroloji-genel-mudurlugu-uyardi","status":"publish","type":"post","link":"https:\/\/www.denizliviphaber.com\/index.php\/2023\/07\/17\/meteoroloji-genel-mudurlugu-uyardi\/","title":{"rendered":"Meteoroloji Genel M\u00fcd\u00fcrl\u00fc\u011f\u00fc uyard\u0131"},"content":{"rendered":"\n<p> Meteoroloji, vatanda\u015flar\u0131 11:00-16:00 saatleri aras\u0131nda dikkatli ve tedbirli olmalar\u0131 i\u00e7in uyard\u0131.<\/p>\n\n\n\n<figure class=\"wp-block-gallery has-nested-images columns-default is-cropped wp-block-gallery-1 is-layout-flex wp-block-gallery-is-layout-flex\">\n<figure class=\"wp-block-image size-large\"><img decoding=\"async\" loading=\"lazy\" width=\"638\" height=\"441\" data-id=\"5376\" src=\"https:\/\/www.denizliviphaber.com\/wp-content\/uploads\/2023\/07\/Untitled-1-2.jpg\" alt=\"\" class=\"wp-image-5376\" srcset=\"https:\/\/www.denizliviphaber.com\/wp-content\/uploads\/2023\/07\/Untitled-1-2.jpg 638w, https:\/\/www.denizliviphaber.com\/wp-content\/uploads\/2023\/07\/Untitled-1-2-300x207.jpg 300w\" sizes=\"(max-width: 638px) 100vw, 638px\" \/><\/figure>\n<\/figure>\n\n\n\n<p><strong><br>Meteoroloji Genel M\u00fcd\u00fcrl\u00fc\u011f\u00fc,<\/strong>&nbsp;bat\u0131 ve g\u00fcney b\u00f6lgelerinde etkili olan s\u0131cak hava dalgas\u0131n\u0131n, \u00e7ar\u015famba g\u00fcn\u00fcnden itibaren t\u00fcm yurtta hissedilece\u011fini duyurdu. Meteoroloji, vatanda\u015flar\u0131 11:00-16:00 saatleri aras\u0131nda dikkatli ve tedbirli olmalar\u0131 i\u00e7in uyard\u0131.<\/p>\n\n\n\n<p>Meteoroloji Genel M\u00fcd\u00fcrl\u00fc\u011f\u00fc, bug\u00fcn internet sitesinde yapt\u0131\u011f\u0131 uyar\u0131da, \u00e7ar\u015famba g\u00fcn\u00fcnden itibaren t\u00fcm yurdun s\u0131cak hava dalgas\u0131n\u0131n etkisi alt\u0131na girece\u011fini duyurdu. Meteoroloji\u2019nin uyar\u0131s\u0131 \u015f\u00f6yle:<\/p>\n\n\n\n<p>&#8220;Yap\u0131lan son de\u011ferlendirmelere g\u00f6re; halen bat\u0131 ve g\u00fcney b\u00f6lgelerimizde etkili olan s\u0131cak hava dalgas\u0131n\u0131n, 19.07.2023 \u00c7ar\u015famba g\u00fcn\u00fcnden itibaren t\u00fcm yurtta etkili olaca\u011f\u0131 tahmin ediliyor. Hava s\u0131cakl\u0131klar\u0131n\u0131n Marmara, Ege ve Akdeniz&#8217;de mevsim normallerinin 3 ila 8 derece, di\u011fer b\u00f6lgelerimizde ise mevsim normallerinin 1 ila 5 derece \u00fczerine \u00e7\u0131kmas\u0131 bekleniyor.<\/p>\n\n\n\n<p>\u00d6n\u00fcm\u00fczdeki g\u00fcnlerde baz\u0131 illerimizde beklenen s\u0131cakl\u0131klar (\u00b0C):<\/p>\n\n\n\n<p>Ankara: 32-36<br>\u0130stanbul: 32-35<br>\u0130zmir: 37-38<br>Edirne: 38-41<br>\u00c7anakkale: 34-40<br>Mu\u011fla:39-41<br>Adana: 35-37<br>Antalya: 39-41<br>Kayseri:31-34<\/p>\n\n\n\n<p>S\u0131cak hava dalgas\u0131 nedeniyle kronik rahats\u0131zl\u0131\u011f\u0131 olanlar, ya\u015fl\u0131lar\u0131m\u0131z ve \u00e7ocuklar\u0131m\u0131z ba\u015fta olmak \u00fczere vatanda\u015flar\u0131m\u0131z\u0131n, g\u00fcn\u00fcn en s\u0131cak saatleri olan 11 ile 16 saatleri aras\u0131nda dikkatli ve tedbirli olmalar\u0131 gerekmektedir.&#8221;<\/p>\n","protected":false},"excerpt":{"rendered":"<p>Meteoroloji, vatanda\u015flar\u0131 11:00-16:00 saatleri aras\u0131nda dikkatli ve tedbirli olmalar\u0131 i\u00e7in uyard\u0131. Meteoroloji Genel M\u00fcd\u00fcrl\u00fc\u011f\u00fc,&nbsp;bat\u0131 ve g\u00fcney b\u00f6lgelerinde etkili olan s\u0131cak hava dalgas\u0131n\u0131n, \u00e7ar\u015famba g\u00fcn\u00fcnden itibaren t\u00fcm yurtta hissedilece\u011fini duyurdu. Meteoroloji, vatanda\u015flar\u0131 11:00-16:00 saatleri aras\u0131nda dikkatli ve tedbirli olmalar\u0131 i\u00e7in uyard\u0131. Meteoroloji Genel M\u00fcd\u00fcrl\u00fc\u011f\u00fc, bug\u00fcn internet sitesinde yapt\u0131\u011f\u0131 uyar\u0131da, \u00e7ar\u015famba g\u00fcn\u00fcnden itibaren t\u00fcm yurdun s\u0131cak hava [&hellip;]<\/p>\n","protected":false},"author":1,"featured_media":0,"comment_status":"open","ping_status":"open","sticky":false,"template":"","format":"standard","meta":{"om_disable_all_campaigns":false,"_monsterinsights_skip_tracking":false,"_monsterinsights_sitenote_active":false,"_monsterinsights_sitenote_note":"","_monsterinsights_sitenote_category":0,"footnotes":""},"categories":[16,253,19,1,568],"tags":[],"aioseo_notices":[],"_links":{"self":[{"href":"https:\/\/www.denizliviphaber.com\/index.php\/wp-json\/wp\/v2\/posts\/5375"}],"collection":[{"href":"https:\/\/www.denizliviphaber.com\/index.php\/wp-json\/wp\/v2\/posts"}],"about":[{"href":"https:\/\/www.denizliviphaber.com\/index.php\/wp-json\/wp\/v2\/types\/post"}],"author":[{"embeddable":true,"href":"https:\/\/www.denizliviphaber.com\/index.php\/wp-json\/wp\/v2\/users\/1"}],"replies":[{"embeddable":true,"href":"https:\/\/www.denizliviphaber.com\/index.php\/wp-json\/wp\/v2\/comments?post=5375"}],"version-history":[{"count":1,"href":"https:\/\/www.denizliviphaber.com\/index.php\/wp-json\/wp\/v2\/posts\/5375\/revisions"}],"predecessor-version":[{"id":5377,"href":"https:\/\/www.denizliviphaber.com\/index.php\/wp-json\/wp\/v2\/posts\/5375\/revisions\/5377"}],"wp:attachment":[{"href":"https:\/\/www.denizliviphaber.com\/index.php\/wp-json\/wp\/v2\/media?parent=5375"}],"wp:term":[{"taxonomy":"category","embeddable":true,"href":"https:\/\/www.denizliviphaber.com\/index.php\/wp-json\/wp\/v2\/categories?post=5375"},{"taxonomy":"post_tag","embeddable":true,"href":"https:\/\/www.denizliviphaber.com\/index.php\/wp-json\/wp\/v2\/tags?post=5375"}],"curies":[{"name":"wp","href":"https:\/\/api.w.org\/{rel}","templated":true}]}}