{"id":5357,"date":"2023-06-08T18:05:11","date_gmt":"2023-06-08T15:05:11","guid":{"rendered":"http:\/\/www.denizliviphaber.com\/?p=5357"},"modified":"2023-06-08T18:05:13","modified_gmt":"2023-06-08T15:05:13","slug":"cumhurbaskani-erdogandan-vatandaslara-cagri-binalariniz-dayanikli-degilse-donusum-surecini-baslatin","status":"publish","type":"post","link":"https:\/\/www.denizliviphaber.com\/index.php\/2023\/06\/08\/cumhurbaskani-erdogandan-vatandaslara-cagri-binalariniz-dayanikli-degilse-donusum-surecini-baslatin\/","title":{"rendered":"Cumhurba\u015fkan\u0131 Erdo\u011fan&#8217;dan vatanda\u015flara \u00e7a\u011fr\u0131: Binalar\u0131n\u0131z dayan\u0131kl\u0131 de\u011filse d\u00f6n\u00fc\u015f\u00fcm s\u00fcrecini ba\u015flat\u0131n."},"content":{"rendered":"\n<p>Binan\u0131z depreme dayan\u0131kl\u0131 de\u011filse d\u00f6n\u00fc\u015f\u00fcm s\u00fcrecini ba\u015flat\u0131n. Afet kap\u0131n\u0131z\u0131 \u00e7almadan tedbirinizi al\u0131n. Ben de en yak\u0131n zamanda deprem vilayetlerini tek tek dola\u015faca\u011f\u0131m.&#8221; dedi.<\/p>\n\n\n\n<figure class=\"wp-block-image size-full\"><img decoding=\"async\" loading=\"lazy\" width=\"716\" height=\"404\" src=\"https:\/\/www.denizliviphaber.com\/wp-content\/uploads\/2023\/06\/Untitled-1-1.jpg\" alt=\"\" class=\"wp-image-5358\" srcset=\"https:\/\/www.denizliviphaber.com\/wp-content\/uploads\/2023\/06\/Untitled-1-1.jpg 716w, https:\/\/www.denizliviphaber.com\/wp-content\/uploads\/2023\/06\/Untitled-1-1-300x169.jpg 300w\" sizes=\"(max-width: 716px) 100vw, 716px\" \/><\/figure>\n\n\n\n<p>Cumhurba\u015fkan\u0131 Erdo\u011fan, 9 Millet Bah\u00e7esi A\u00e7\u0131l\u0131\u015f T\u00f6reni&#8217;nde a\u00e7\u0131klamalarda bulundu. Erdo\u011fan, &#8220;Vatanda\u015flar\u0131m\u0131za bir kez daha sesleniyorum. Binan\u0131z depreme dayan\u0131kl\u0131 de\u011filse d\u00f6n\u00fc\u015f\u00fcm s\u00fcrecini ba\u015flat\u0131n. Afet kap\u0131n\u0131z\u0131 \u00e7almadan tedbirinizi al\u0131n. Ben de en yak\u0131n zamanda deprem vilayetlerini tek tek dola\u015faca\u011f\u0131m.&#8221; dedi.<\/p>\n\n\n\n<p>Cumhurba\u015fkan\u0131 Recep Tayyip Erdo\u011fan, T\u00fcrkiye \u00c7evre Haftas\u0131 m\u00fcnasebetiyle 9 Millet Bah\u00e7esi A\u00e7\u0131l\u0131\u015f T\u00f6reni&#8217;ne canl\u0131 ba\u011flant\u0131yla kat\u0131ld\u0131.<\/p>\n\n\n\n<h3 class=\"wp-block-heading\">&#8220;AFET KAPINIZI \u00c7ALMADAN TEDB\u0130R\u0130N\u0130Z\u0130 ALIN&#8221;<\/h3>\n\n\n\n<p>Millet bah\u00e7elerinin deprem anlar\u0131nda toplanma alanlar\u0131 olarak kullan\u0131ld\u0131\u011f\u0131 belirten Erdo\u011fan, &#8220;Kentsel d\u00f6n\u00fc\u015f\u00fcm meselesinde daha kararl\u0131 ad\u0131mlar ataca\u011f\u0131z. B\u00f6ylesi bir konuda tamahkarl\u0131\u011fa izin vermeyece\u011fiz. G\u00f6z\u00fcn\u00fc para h\u0131rs\u0131 b\u00fcr\u00fcyenlerin kaprislerine boyun e\u011fmeyece\u011fiz. Ne gerekiyorsa bu meseleyi \u00e7\u00f6zece\u011fiz. Yar\u0131s\u0131 bizden kampanyas\u0131na d\u00f6n\u00fck ilgiyi memnuniyetle kar\u015f\u0131l\u0131yoruz. Binan\u0131z depreme dayan\u0131kl\u0131 de\u011filse d\u00f6n\u00fc\u015f\u00fcm s\u00fcrece\u011fini ba\u015flat\u0131n, afet kap\u0131n\u0131z\u0131 \u00e7almadan siz tedbirinizi al\u0131n. En yak\u0131n zamanda deprem vilayetlerini yeniden dola\u015faca\u011f\u0131m.&#8221; dedi.<\/p>\n\n\n\n<p id=\"inpage_reklam\">&#8220;B\u00dcY\u00dcK B\u0130R BO\u015eLU\u011eU DOLDURMAKTA&#8221;<\/p>\n\n\n\n<p>Cumhurba\u015fkan\u0131 Erdo\u011fan&#8217;\u0131n konu\u015fmas\u0131ndan \u00f6ne \u00e7\u0131kanlar:<\/p>\n\n\n\n<p>&#8220;\u0130nsan\u0131m\u0131z\u0131n nefes alabilece\u011fi ye\u015fil alanlar kazand\u0131rmakla kalm\u0131yoruz. Ayn\u0131 zamandan gen\u00e7lerden \u00e7ocuklara kadar farkl\u0131 toplum kesimlerinin sosyal ihtiya\u00e7lar\u0131n\u0131 da kar\u015f\u0131l\u0131yoruz. \u015eehir hayatlar\u0131ndan yorulan vatanda\u015flar\u0131m\u0131z ruhlar\u0131n\u0131 buralarda dinlendiriyor. Evlatlar\u0131m\u0131z burada sosyalle\u015fiyor. Her ya\u015f grubundan insan\u0131m\u0131z burada&nbsp;<a href=\"https:\/\/www.haberler.com\/spor\/\"><strong>spor<\/strong><\/a>&nbsp;yaparak sa\u011fl\u0131kl\u0131 bir hayat s\u00fcrme imkan\u0131na kavu\u015fuyor. Millet Bah\u00e7elerimiz bu y\u00f6nleriyle b\u00fcy\u00fck bir bo\u015flu\u011fu doldurmaktad\u0131r. Kazand\u0131rd\u0131\u011f\u0131m\u0131z her millet bah\u00e7esiyle \u015fehirlerimizde cazibe merkezleri olu\u015fturuyoruz. Afetlerde toplanma alan\u0131 olarak da hizmet vermektedir.<\/p>\n\n\n\n<figure class=\"wp-block-image\"><img decoding=\"async\" src=\"https:\/\/i.hbrcdn.com\/haber\/2023\/06\/08\/cumhurbaskani-erdogan-dan-vatandaslara-cagri-16012103_1350_m.jpg\" alt=\"Cumhurba\u015fkan\u0131 Erdo\u011fan'dan vatanda\u015flara \u00e7a\u011fr\u0131: Binalar\u0131n\u0131z dayan\u0131kl\u0131 de\u011filse d\u00f6n\u00fc\u015f\u00fcm s\u00fcrecini ba\u015flat\u0131n\"\/><\/figure>\n\n\n\n<h3 class=\"wp-block-heading\">&#8220;TOPLANMA ALANLARININ \u00d6NEM\u0130N\u0130 DAHA \u0130Y\u0130 KAVRADIK&#8221;<\/h3>\n\n\n\n<p>6 \u015eubat depremlerinde toplanma alan\u0131n\u0131n \u00f6nemini daha iyi kavrad\u0131k. \u00c7evre ve \u015eehircilikte att\u0131\u011f\u0131m\u0131z her ad\u0131m\u0131n \u00e7ok ciddi faydas\u0131n\u0131 g\u00f6rd\u00fck. 81 ilimizde 81 milyon metrekare millet bah\u00e7esi kazand\u0131rmak hedefimizin ehemmiyeti de anla\u015f\u0131lm\u0131\u015f oldu. S\u00f6z\u00fcm\u00fcz\u00fc tutmak i\u00e7in \u00e7al\u0131\u015fmalar\u0131m\u0131z s\u00fcrd\u00fcr\u00fcyoruz. Hedefimizi 100 milyon metrekareye \u00e7\u0131kard\u0131k. Millet bah\u00e7esi say\u0131m\u0131z\u0131 da 500 olarak g\u00fcncelledik. 21,5 milyon metrekare b\u00fcy\u00fckl\u00fc\u011f\u00fcndeki 189 millet bah\u00e7emiz hizmette. 137 millet bah\u00e7emizin yap\u0131m\u0131 devam ediyor. Vizyon projemiz Atat\u00fcrk Havaliman\u0131&#8217;na yapmakta oldu\u011fumuz millet bah\u00e7emizdir. T\u00fcm etaplar\u0131yla hizmete girdi\u011finde d\u00fcnyan\u0131n g\u00f6zde \u015fehir parklar\u0131 aras\u0131nda yerini alacakt\u0131r.<\/p>\n\n\n\n<h3 class=\"wp-block-heading\">&#8220;81 \u0130L\u0130N \u00c7EHRES\u0130 DE\u011e\u0130\u015eECEK&#8221;<\/h3>\n\n\n\n<p>\u00c7al\u0131\u015fmalar\u0131m\u0131z\u0131 daha da h\u0131zland\u0131r\u0131yoruz. Atat\u00fcrk Havaliman\u0131 millet bah\u00e7esi ile birlikte 500 millet bah\u00e7emizin tamam\u0131n\u0131 bitirdi\u011fimizde 81 ilin \u00e7ehresi de\u011fi\u015fecek. Bizim d\u00fcnya g\u00f6r\u00fc\u015f\u00fcm\u00fcz\u00fcn \u00f6z\u00fcnde tabiat\u0131 bir emanet olarak g\u00f6rmek vard\u0131r. G\u00f6ky\u00fcz\u00fc bize emanettir. Denizler bize emanettir. Toprak bize emanettir. G\u00f6z\u00fcm\u00fcz\u00fcn g\u00f6rd\u00fc\u011f\u00fc veya g\u00f6rmedi\u011fi her \u015fey bizlere emanettir. Tabiata en g\u00fczel \u015fekilde sahip \u00e7\u0131kman\u0131n gayretindeyiz. \u00c7evre bilincinin toplumumuzda k\u00f6k salmas\u0131 i\u00e7in yo\u011fun \u00e7aba sarf ediyoruz.<\/p>\n\n\n\n<p>Bu seneki \u00e7evre haftas\u0131n\u0131n temas\u0131n\u0131 temiz d\u00fcnya temiz deniz olarak belirledik. 5 sene \u00f6nce ba\u015flatt\u0131\u011f\u0131m\u0131z s\u0131f\u0131r at\u0131k hareketinin temel hedefi plastik at\u0131\u011f\u0131n\u0131n \u00f6n\u00fcne ge\u00e7mektir. \u00dclkemiz genelinde 160 bin bina ve yerle\u015fkeye s\u0131f\u0131r at\u0131k sistemi kurduk. Geri kazan\u0131m oran\u0131m\u0131z\u0131 y\u00fczde 30 \u00fczerine \u00e7\u0131kard\u0131k. \u00c7evreyi korumakla kalmay\u0131p sonraki nesillere g\u00fczelle\u015ftirerek teslim edece\u011fiz.<\/p>\n\n\n\n<h3 class=\"wp-block-heading\">&#8220;KAMU B\u0130NALARI BA\u015eARILI SINAV VERD\u0130&#8221;<\/h3>\n\n\n\n<p>Bize d\u00fc\u015fen \u00e7evrecilik ad\u0131na siyasi ajandalar\u0131n\u0131 dayatmaya \u00e7al\u0131\u015fanlara boyun e\u011fmeden gelece\u011fe nefes olmakt\u0131r. Millet bah\u00e7elerimizde ye\u015fil vahalar olu\u015fturmakt\u0131r. Bizden \u00f6nceki 60 y\u0131lda yap\u0131lan a\u011fa\u00e7land\u0131rman\u0131n 1 bu\u00e7uk kat\u0131n\u0131 21 y\u0131la s\u0131\u011fd\u0131rd\u0131k. 60 milyon fidan\u0131 vatan topra\u011f\u0131 ile bulu\u015fturduk. 81 vilayetimizin her birini ye\u015fil hale getirene kadar durmadan \u00e7al\u0131\u015faca\u011f\u0131z. 6 \u015fubat depreminin bizlere hat\u0131rlatt\u0131\u011f\u0131 hususlardan biri de sa\u011flam binalar in\u015fa etmemiz gerekti\u011fidir. Son y\u0131llarda in\u015fa edilen hastane, kamu binalar\u0131 ba\u015far\u0131l\u0131 s\u0131nav verdi. \u00dclkemizin yap\u0131 stokunu bu standartlar alt\u0131na d\u00fc\u015f\u00fcrmeyece\u011fiz. Marjinal kesimlerin engelleme \u00e7al\u0131\u015fmas\u0131na ra\u011fmen d\u00f6n\u00fc\u015f\u00fcm alan\u0131ndaki y\u0131k\u0131lan bina ve can kayb\u0131 say\u0131m\u0131z az oldu.&#8221;<\/p>\n","protected":false},"excerpt":{"rendered":"<p>Binan\u0131z depreme dayan\u0131kl\u0131 de\u011filse d\u00f6n\u00fc\u015f\u00fcm s\u00fcrecini ba\u015flat\u0131n. Afet kap\u0131n\u0131z\u0131 \u00e7almadan tedbirinizi al\u0131n. Ben de en yak\u0131n zamanda deprem vilayetlerini tek tek dola\u015faca\u011f\u0131m.&#8221; dedi. Cumhurba\u015fkan\u0131 Erdo\u011fan, 9 Millet Bah\u00e7esi A\u00e7\u0131l\u0131\u015f T\u00f6reni&#8217;nde a\u00e7\u0131klamalarda bulundu. Erdo\u011fan, &#8220;Vatanda\u015flar\u0131m\u0131za bir kez daha sesleniyorum. Binan\u0131z depreme dayan\u0131kl\u0131 de\u011filse d\u00f6n\u00fc\u015f\u00fcm s\u00fcrecini ba\u015flat\u0131n. Afet kap\u0131n\u0131z\u0131 \u00e7almadan tedbirinizi al\u0131n. Ben de en yak\u0131n zamanda [&hellip;]<\/p>\n","protected":false},"author":1,"featured_media":0,"comment_status":"open","ping_status":"open","sticky":false,"template":"","format":"standard","meta":{"om_disable_all_campaigns":false,"_monsterinsights_skip_tracking":false,"_monsterinsights_sitenote_active":false,"_monsterinsights_sitenote_note":"","_monsterinsights_sitenote_category":0,"footnotes":""},"categories":[1],"tags":[],"aioseo_notices":[],"_links":{"self":[{"href":"https:\/\/www.denizliviphaber.com\/index.php\/wp-json\/wp\/v2\/posts\/5357"}],"collection":[{"href":"https:\/\/www.denizliviphaber.com\/index.php\/wp-json\/wp\/v2\/posts"}],"about":[{"href":"https:\/\/www.denizliviphaber.com\/index.php\/wp-json\/wp\/v2\/types\/post"}],"author":[{"embeddable":true,"href":"https:\/\/www.denizliviphaber.com\/index.php\/wp-json\/wp\/v2\/users\/1"}],"replies":[{"embeddable":true,"href":"https:\/\/www.denizliviphaber.com\/index.php\/wp-json\/wp\/v2\/comments?post=5357"}],"version-history":[{"count":1,"href":"https:\/\/www.denizliviphaber.com\/index.php\/wp-json\/wp\/v2\/posts\/5357\/revisions"}],"predecessor-version":[{"id":5359,"href":"https:\/\/www.denizliviphaber.com\/index.php\/wp-json\/wp\/v2\/posts\/5357\/revisions\/5359"}],"wp:attachment":[{"href":"https:\/\/www.denizliviphaber.com\/index.php\/wp-json\/wp\/v2\/media?parent=5357"}],"wp:term":[{"taxonomy":"category","embeddable":true,"href":"https:\/\/www.denizliviphaber.com\/index.php\/wp-json\/wp\/v2\/categories?post=5357"},{"taxonomy":"post_tag","embeddable":true,"href":"https:\/\/www.denizliviphaber.com\/index.php\/wp-json\/wp\/v2\/tags?post=5357"}],"curies":[{"name":"wp","href":"https:\/\/api.w.org\/{rel}","templated":true}]}}