{"id":5342,"date":"2023-04-26T02:12:24","date_gmt":"2023-04-25T23:12:24","guid":{"rendered":"http:\/\/www.denizliviphaber.com\/?p=5342"},"modified":"2023-04-26T02:12:26","modified_gmt":"2023-04-25T23:12:26","slug":"bu-kez-sahada-kazanip-sandikta-kaybeder-miyiz","status":"publish","type":"post","link":"https:\/\/www.denizliviphaber.com\/index.php\/2023\/04\/26\/bu-kez-sahada-kazanip-sandikta-kaybeder-miyiz\/","title":{"rendered":"BU KEZ SAHADA KAZANIP SANDIKTA KAYBEDER M\u0130Y\u0130Z !!!"},"content":{"rendered":"\n<p><strong><mark>Denizli\u2019nin CHP Pamukkale \u0130l\u00e7e Ba\u015fkanl\u0131\u011f\u0131, \u0130l\u00e7e Se\u00e7im Kurullar\u0131na sand\u0131k g\u00f6revlisi listelerini ge\u00e7 verince ortal\u0131k kar\u0131\u015ft\u0131<\/mark><\/strong><\/p>\n\n\n\n<figure class=\"wp-block-image size-full is-resized\"><img decoding=\"async\" loading=\"lazy\" src=\"https:\/\/www.denizliviphaber.com\/wp-content\/uploads\/2023\/04\/Untitled-1-12.jpg\" alt=\"\" class=\"wp-image-5343\" width=\"799\" height=\"454\" srcset=\"https:\/\/www.denizliviphaber.com\/wp-content\/uploads\/2023\/04\/Untitled-1-12.jpg 327w, https:\/\/www.denizliviphaber.com\/wp-content\/uploads\/2023\/04\/Untitled-1-12-300x171.jpg 300w\" sizes=\"(max-width: 799px) 100vw, 799px\" \/><\/figure>\n\n\n\n<p><a href=\"https:\/\/denizli-pamukkale.chp.org.tr\/\" target=\"_blank\" rel=\"noreferrer noopener\">CHP Pamukkale \u0130l\u00e7e\u00a0<\/a>Ba\u015fkan\u0131 Arda Arpac\u0131\u2019n\u0131n, 1. Ve 2 se\u00e7im b\u00f6lgesine ait 712 sand\u0131k g\u00f6revlisinin isim listelerini 5-6 dakika gecikmeyle il\u00e7e se\u00e7im kurullar\u0131na ula\u015ft\u0131rd\u0131. <\/p>\n\n\n\n<p>Pamukkale \u0130l\u00e7e Se\u00e7im Kurulu gecikmeyi sorun etmeyip, listeleri kabul etmesine ra\u011fmen, 2. Pamukkale \u0130l\u00e7e Se\u00e7im Kurulu\u2019nun reddetmesi nedeniyle 300\u2019e yak\u0131n sand\u0131kta\u00a0<a href=\"https:\/\/www.sifrehaber.com\/politika\/chp\/\" target=\"_blank\" rel=\"noreferrer noopener\">CHP<\/a>\u2019li sand\u0131k g\u00f6revlilerinin bulunmama riski ortaya \u00e7\u0131kt\u0131.<\/p>\n\n\n\n<p>Konuyla ilgili bilgi veren hukuk\u00e7ular, 5-6 dakikal\u0131k bir gecikmenin se\u00e7im kurullar\u0131ndan biri taraf\u0131ndan sorun yap\u0131lmamas\u0131na ra\u011fmen, di\u011fer kurul taraf\u0131ndan farkl\u0131 bir karar verilmesinin, hukuken de ilgin\u00e7 bir s\u00fcrecin ya\u015fanmas\u0131na neden oldu\u011funu belirterek \u201cBu durumda itirazlar il se\u00e7im kurulunda en k\u0131sa zamanda g\u00f6r\u00fc\u015f\u00fclerek karara ba\u011flanacakt\u0131r. Burada \u00e7\u0131kacak karar\u0131n ortas\u0131 olmayacakt\u0131r. Ya her iki se\u00e7im b\u00f6lgesinin listeyi kabul\u00fc, ya da tamam\u0131n\u0131n reddi ger\u00e7ekle\u015fecektir. Ret \u00e7\u0131kmas\u0131, CHP\u2019nin Pamukkale il\u00e7esinde bulunan iki se\u00e7im b\u00f6lgesinde toplam 712 sand\u0131kta sand\u0131k g\u00f6revlisinin olmayaca\u011f\u0131 anlam\u0131na gelir\u201d dediler.<\/p>\n","protected":false},"excerpt":{"rendered":"<p>Denizli\u2019nin CHP Pamukkale \u0130l\u00e7e Ba\u015fkanl\u0131\u011f\u0131, \u0130l\u00e7e Se\u00e7im Kurullar\u0131na sand\u0131k g\u00f6revlisi listelerini ge\u00e7 verince ortal\u0131k kar\u0131\u015ft\u0131 CHP Pamukkale \u0130l\u00e7e\u00a0Ba\u015fkan\u0131 Arda Arpac\u0131\u2019n\u0131n, 1. Ve 2 se\u00e7im b\u00f6lgesine ait 712 sand\u0131k g\u00f6revlisinin isim listelerini 5-6 dakika gecikmeyle il\u00e7e se\u00e7im kurullar\u0131na ula\u015ft\u0131rd\u0131. Pamukkale \u0130l\u00e7e Se\u00e7im Kurulu gecikmeyi sorun etmeyip, listeleri kabul etmesine ra\u011fmen, 2. Pamukkale \u0130l\u00e7e Se\u00e7im Kurulu\u2019nun reddetmesi [&hellip;]<\/p>\n","protected":false},"author":1,"featured_media":0,"comment_status":"open","ping_status":"open","sticky":false,"template":"","format":"standard","meta":{"om_disable_all_campaigns":false,"_monsterinsights_skip_tracking":false,"_monsterinsights_sitenote_active":false,"_monsterinsights_sitenote_note":"","_monsterinsights_sitenote_category":0,"footnotes":""},"categories":[16,253,585,14,19,13,1,254,9,568,12,15],"tags":[],"aioseo_notices":[],"_links":{"self":[{"href":"https:\/\/www.denizliviphaber.com\/index.php\/wp-json\/wp\/v2\/posts\/5342"}],"collection":[{"href":"https:\/\/www.denizliviphaber.com\/index.php\/wp-json\/wp\/v2\/posts"}],"about":[{"href":"https:\/\/www.denizliviphaber.com\/index.php\/wp-json\/wp\/v2\/types\/post"}],"author":[{"embeddable":true,"href":"https:\/\/www.denizliviphaber.com\/index.php\/wp-json\/wp\/v2\/users\/1"}],"replies":[{"embeddable":true,"href":"https:\/\/www.denizliviphaber.com\/index.php\/wp-json\/wp\/v2\/comments?post=5342"}],"version-history":[{"count":1,"href":"https:\/\/www.denizliviphaber.com\/index.php\/wp-json\/wp\/v2\/posts\/5342\/revisions"}],"predecessor-version":[{"id":5344,"href":"https:\/\/www.denizliviphaber.com\/index.php\/wp-json\/wp\/v2\/posts\/5342\/revisions\/5344"}],"wp:attachment":[{"href":"https:\/\/www.denizliviphaber.com\/index.php\/wp-json\/wp\/v2\/media?parent=5342"}],"wp:term":[{"taxonomy":"category","embeddable":true,"href":"https:\/\/www.denizliviphaber.com\/index.php\/wp-json\/wp\/v2\/categories?post=5342"},{"taxonomy":"post_tag","embeddable":true,"href":"https:\/\/www.denizliviphaber.com\/index.php\/wp-json\/wp\/v2\/tags?post=5342"}],"curies":[{"name":"wp","href":"https:\/\/api.w.org\/{rel}","templated":true}]}}