{"id":5336,"date":"2023-04-24T11:44:09","date_gmt":"2023-04-24T08:44:09","guid":{"rendered":"http:\/\/www.denizliviphaber.com\/?p=5336"},"modified":"2023-04-24T11:44:11","modified_gmt":"2023-04-24T08:44:11","slug":"chp-lideri-kilicdaroglunun-denizli-programi-netlesti","status":"publish","type":"post","link":"https:\/\/www.denizliviphaber.com\/index.php\/2023\/04\/24\/chp-lideri-kilicdaroglunun-denizli-programi-netlesti\/","title":{"rendered":"CHP lideri K\u0131l\u0131\u00e7daro\u011flu&#8217;nun Denizli program\u0131 netle\u015fti"},"content":{"rendered":"\n<p>Cumhuriyet Halk Partisi Genel Ba\u015fkan\u0131 ve Millet \u0130ttifak\u0131 Cumhurba\u015fkan\u0131 Aday\u0131 Kemal K\u0131l\u0131\u00e7daro\u011flu, 4 May\u0131s 2023 Per\u015fembe g\u00fcn\u00fc Denizli&#8217;de millet bulu\u015fmas\u0131 mitingi ger\u00e7ekle\u015ftirecek<\/p>\n\n\n\n<figure class=\"wp-block-image size-large is-resized\"><img decoding=\"async\" loading=\"lazy\" src=\"https:\/\/www.denizliviphaber.com\/wp-content\/uploads\/2023\/04\/Untitled-1-10-1024x749.jpg\" alt=\"\" class=\"wp-image-5337\" width=\"522\" height=\"382\" srcset=\"https:\/\/www.denizliviphaber.com\/wp-content\/uploads\/2023\/04\/Untitled-1-10-1024x749.jpg 1024w, https:\/\/www.denizliviphaber.com\/wp-content\/uploads\/2023\/04\/Untitled-1-10-300x219.jpg 300w, https:\/\/www.denizliviphaber.com\/wp-content\/uploads\/2023\/04\/Untitled-1-10-768x561.jpg 768w, https:\/\/www.denizliviphaber.com\/wp-content\/uploads\/2023\/04\/Untitled-1-10.jpg 1138w\" sizes=\"(max-width: 522px) 100vw, 522px\" \/><\/figure>\n\n\n\n<p>Cumhuriyet Halk Partisi Genel Ba\u015fkan\u0131 ve Millet \u0130ttifak\u0131 Cumhurba\u015fkan\u0131 Aday\u0131&nbsp;<a href=\"https:\/\/www.haberler.com\/kemal-kilicdaroglu\/\"><strong>Kemal K\u0131l\u0131\u00e7daro\u011flu<\/strong><\/a>, 4 May\u0131s 2023 Per\u015fembe g\u00fcn\u00fc&nbsp;<a href=\"https:\/\/www.haberler.com\/denizli\/\"><strong>Denizli<\/strong><\/a>&#8216;de millet bulu\u015fmas\u0131 mitingi ger\u00e7ekle\u015ftirecek.<\/p>\n\n\n\n<p>Millet \u0130ttifak\u0131 Cumhurba\u015fkan\u0131 Aday\u0131 Kemal K\u0131l\u0131\u00e7daro\u011flu&#8217;nu se\u00e7ime 10 g\u00fcn kala&nbsp;<a href=\"https:\/\/www.haberler.com\/denizli\/\"><strong>Denizli<\/strong><\/a>&#8216;de a\u011f\u0131rlayacak olman\u0131n heyecan\u0131n\u0131 ya\u015fad\u0131klar\u0131n\u0131 belirten Denizli \u0130l Ba\u015fkan\u0131 Ali Osman Horzum, &#8220;Se\u00e7im takviminin a\u00e7\u0131klanmas\u0131yla birlikte \u00e7al\u0131\u015fmalar\u0131m\u0131za h\u0131z verdik. Denizli&#8217;nin t\u00fcm il\u00e7e ve mahallelerini ad\u0131m ad\u0131m dola\u015f\u0131yoruz. Kad\u0131nlar\u0131m\u0131za ve gen\u00e7lerimize b\u00fcy\u00fck \u00f6nem veriyoruz. Millet \u0130ttifak\u0131n\u0131n t\u00fcm bile\u015fenleriyle birlikte iktidar y\u00fcr\u00fcy\u00fc\u015f\u00fcm\u00fczde 13. Cumhurba\u015fkan\u0131m\u0131z Kemal K\u0131l\u0131\u00e7daro\u011flu&#8217;nu 4 May\u0131s g\u00fcn\u00fc Denizli&#8217;de co\u015fkuyla a\u011f\u0131rlayacak ve kendisini \u00c7ankaya&#8217;ya u\u011furlayaca\u011f\u0131z. Bu g\u00fczel ana tan\u0131kl\u0131k etmek isteyen t\u00fcm halk\u0131m\u0131z\u0131 mitingimize bekliyoruz&#8221; ifadelerini kulland\u0131.&nbsp;<\/p>\n","protected":false},"excerpt":{"rendered":"<p>Cumhuriyet Halk Partisi Genel Ba\u015fkan\u0131 ve Millet \u0130ttifak\u0131 Cumhurba\u015fkan\u0131 Aday\u0131 Kemal K\u0131l\u0131\u00e7daro\u011flu, 4 May\u0131s 2023 Per\u015fembe g\u00fcn\u00fc Denizli&#8217;de millet bulu\u015fmas\u0131 mitingi ger\u00e7ekle\u015ftirecek Cumhuriyet Halk Partisi Genel Ba\u015fkan\u0131 ve Millet \u0130ttifak\u0131 Cumhurba\u015fkan\u0131 Aday\u0131&nbsp;Kemal K\u0131l\u0131\u00e7daro\u011flu, 4 May\u0131s 2023 Per\u015fembe g\u00fcn\u00fc&nbsp;Denizli&#8216;de millet bulu\u015fmas\u0131 mitingi ger\u00e7ekle\u015ftirecek. Millet \u0130ttifak\u0131 Cumhurba\u015fkan\u0131 Aday\u0131 Kemal K\u0131l\u0131\u00e7daro\u011flu&#8217;nu se\u00e7ime 10 g\u00fcn kala&nbsp;Denizli&#8216;de a\u011f\u0131rlayacak olman\u0131n heyecan\u0131n\u0131 [&hellip;]<\/p>\n","protected":false},"author":1,"featured_media":0,"comment_status":"open","ping_status":"open","sticky":false,"template":"","format":"standard","meta":{"om_disable_all_campaigns":false,"_monsterinsights_skip_tracking":false,"_monsterinsights_sitenote_active":false,"_monsterinsights_sitenote_note":"","_monsterinsights_sitenote_category":0,"footnotes":""},"categories":[16,253,585,14,19,13,1,254,9,568,12,15],"tags":[],"aioseo_notices":[],"_links":{"self":[{"href":"https:\/\/www.denizliviphaber.com\/index.php\/wp-json\/wp\/v2\/posts\/5336"}],"collection":[{"href":"https:\/\/www.denizliviphaber.com\/index.php\/wp-json\/wp\/v2\/posts"}],"about":[{"href":"https:\/\/www.denizliviphaber.com\/index.php\/wp-json\/wp\/v2\/types\/post"}],"author":[{"embeddable":true,"href":"https:\/\/www.denizliviphaber.com\/index.php\/wp-json\/wp\/v2\/users\/1"}],"replies":[{"embeddable":true,"href":"https:\/\/www.denizliviphaber.com\/index.php\/wp-json\/wp\/v2\/comments?post=5336"}],"version-history":[{"count":1,"href":"https:\/\/www.denizliviphaber.com\/index.php\/wp-json\/wp\/v2\/posts\/5336\/revisions"}],"predecessor-version":[{"id":5338,"href":"https:\/\/www.denizliviphaber.com\/index.php\/wp-json\/wp\/v2\/posts\/5336\/revisions\/5338"}],"wp:attachment":[{"href":"https:\/\/www.denizliviphaber.com\/index.php\/wp-json\/wp\/v2\/media?parent=5336"}],"wp:term":[{"taxonomy":"category","embeddable":true,"href":"https:\/\/www.denizliviphaber.com\/index.php\/wp-json\/wp\/v2\/categories?post=5336"},{"taxonomy":"post_tag","embeddable":true,"href":"https:\/\/www.denizliviphaber.com\/index.php\/wp-json\/wp\/v2\/tags?post=5336"}],"curies":[{"name":"wp","href":"https:\/\/api.w.org\/{rel}","templated":true}]}}