{"id":5280,"date":"2023-04-03T17:45:27","date_gmt":"2023-04-03T14:45:27","guid":{"rendered":"https:\/\/www.denizliviphaber.com\/?p=5280"},"modified":"2023-04-03T17:48:32","modified_gmt":"2023-04-03T14:48:32","slug":"kulisleri-sallayan-iddia-chp-ve-deva-partisi-vekil-sayisi-konusunda-anlasamadi","status":"publish","type":"post","link":"https:\/\/www.denizliviphaber.com\/index.php\/2023\/04\/03\/kulisleri-sallayan-iddia-chp-ve-deva-partisi-vekil-sayisi-konusunda-anlasamadi\/","title":{"rendered":"Kulisleri sallayan iddia: CHP ve DEVA Partisi, vekil say\u0131s\u0131 konusunda anla\u015famad\u0131"},"content":{"rendered":"\n<p>14 May\u0131s se\u00e7imleri \u00f6ncesinde siyasi partiler vekil listelerini 9 Nisan&#8217;a kadar teslim etmek i\u00e7in \u00e7al\u0131\u015f\u0131yor. 6&#8217;l\u0131 Masa&#8217;da bulunan Demokrat Parti, Saadet Partisi, Gelecek Partisi ve DEVA Partisi ise se\u00e7imlere CHP listelerinden girecek. Ancak bu konuda DEVA lideri Ali Babacan&#8217;\u0131n kendilerine s\u00f6z verildi\u011fi gibi 20 vekil istedi\u011fi, K\u0131l\u0131\u00e7daro\u011flu&#8217;nun ise ancak 5 vekil vermeyi planlad\u0131\u011f\u0131 \u00f6ne s\u00fcr\u00fcld\u00fc.<\/p>\n\n\n\n<figure class=\"wp-block-image size-full\"><img decoding=\"async\" loading=\"lazy\" width=\"726\" height=\"397\" src=\"https:\/\/www.denizliviphaber.com\/wp-content\/uploads\/2023\/04\/Untitled-1-1.jpg\" alt=\"\" class=\"wp-image-5282\" srcset=\"https:\/\/www.denizliviphaber.com\/wp-content\/uploads\/2023\/04\/Untitled-1-1.jpg 726w, https:\/\/www.denizliviphaber.com\/wp-content\/uploads\/2023\/04\/Untitled-1-1-300x164.jpg 300w\" sizes=\"(max-width: 726px) 100vw, 726px\" \/><\/figure>\n\n\n\n<p>T\u00fcrkiye, 14 May\u0131s&#8217;ta Cumhurba\u015fkan\u0131 ve 28. D\u00f6nem Milletvekili Genel Se\u00e7imleri i\u00e7in sand\u0131\u011fa gitmeye haz\u0131rlan\u0131yor. Partiler ve liderler de \u00e7al\u0131\u015fmalar\u0131n\u0131 buna g\u00f6re \u015fekillendiriyor.<\/p>\n\n\n\n<h3 class=\"wp-block-heading\">L\u0130STELER \u0130\u00c7\u0130N HUMMALI HAZIRLIK VAR<\/h3>\n\n\n\n<p>YSK&#8217;n\u0131n ilan\u0131na g\u00f6re cumhurba\u015fkanl\u0131\u011f\u0131 yar\u0131\u015f\u0131nda 4 isim bulunacak. Bu isimler Cumhurba\u015fkan\u0131 Erdo\u011fan, Kemal K\u0131l\u0131\u00e7daro\u011flu, Muharrem \u0130nce ve Sinan O\u011fan oldu. Bunlar\u0131n yan\u0131 s\u0131ra vekil se\u00e7imleri i\u00e7inse partilerin liste haz\u0131rlama \u00e7al\u0131\u015fmalar\u0131 s\u00fcr\u00fcyor.<\/p>\n\n\n\n<h3 class=\"wp-block-heading\">9 N\u0130SAN&#8217;A KADAR TESL\u0130M ETMELER\u0130 GEREK\u0130YOR<\/h3>\n\n\n\n<p>Siyasi parti genel merkezleri, se\u00e7ime kat\u0131lacaklar\u0131 se\u00e7im \u00e7evrelerine ait aday listelerini 9 Nisan g\u00fcn\u00fc en ge\u00e7 saat 17.00&#8217;ye kadar YSK&#8217;ye teslim edecek. Ba\u011f\u0131ms\u0131z milletvekili adaylar\u0131 da ayn\u0131 g\u00fcn saat 17.00&#8217;ye kadar il se\u00e7im kurullar\u0131na ba\u015fvuru yapacak.<\/p>\n\n\n\n<h3 class=\"wp-block-heading\">CHP L\u0130STES\u0130NDE BABACAN KR\u0130Z\u0130<\/h3>\n\n\n\n<p>Listelerin teslim edilmesine say\u0131l\u0131 g\u00fcn kala kulislerde dikkat \u00e7eken bir iddia dile getirildi. H\u00fcrriyet&#8217;ten Abd\u00fclkadir Selvi&#8217;nin haberine g\u00f6re K\u0131l\u0131\u00e7daro\u011flu, 6&#8217;l\u0131 Masa&#8217;da bulunan Demokrat Parti&#8217;ye 2, Saadet Partisi&#8217;ne 3, Gelecek Partisi&#8217;ne 3, DEVA Partisi&#8217;ne 3 milletvekilli\u011fi vermeyi planl\u0131yor. Ancak bu duruma daha \u00f6nce 20 vekil s\u00f6z\u00fc verildi\u011fi \u00f6ne s\u00fcr\u00fclen DEVA Partisi lideri Ali Babacan&#8217;\u0131n tepki g\u00f6sterdi\u011fi s\u00f6yleniyor.<\/p>\n\n\n\n<p>K\u0131l\u0131\u00e7daro\u011flu&#8217;nun ise DEVA Partisi&#8217;ne 20 milletvekilli\u011fi vermeyece\u011fi, 3 olarak planlanan vekil say\u0131s\u0131n\u0131 5&#8217;e \u00e7\u0131kar\u0131labilece\u011fi ifade ediliyor. Baz\u0131 DEVA Partisi y\u00f6neticilerinin ise K\u0131l\u0131\u00e7daro\u011flu i\u00e7in, &#8220;Adam bizi satt\u0131&#8221; dedikleri iddia edildi.<\/p>\n","protected":false},"excerpt":{"rendered":"<p>14 May\u0131s se\u00e7imleri \u00f6ncesinde siyasi partiler vekil listelerini 9 Nisan&#8217;a kadar teslim etmek i\u00e7in \u00e7al\u0131\u015f\u0131yor. 6&#8217;l\u0131 Masa&#8217;da bulunan Demokrat Parti, Saadet Partisi, Gelecek Partisi ve DEVA Partisi ise se\u00e7imlere CHP listelerinden girecek. Ancak bu konuda DEVA lideri Ali Babacan&#8217;\u0131n kendilerine s\u00f6z verildi\u011fi gibi 20 vekil istedi\u011fi, K\u0131l\u0131\u00e7daro\u011flu&#8217;nun ise ancak 5 vekil vermeyi planlad\u0131\u011f\u0131 \u00f6ne s\u00fcr\u00fcld\u00fc. [&hellip;]<\/p>\n","protected":false},"author":1,"featured_media":5282,"comment_status":"open","ping_status":"open","sticky":false,"template":"","format":"standard","meta":{"om_disable_all_campaigns":false,"_monsterinsights_skip_tracking":false,"_monsterinsights_sitenote_active":false,"_monsterinsights_sitenote_note":"","_monsterinsights_sitenote_category":0,"footnotes":""},"categories":[16,253,585,14,19,13,1,254,9,568,12,15],"tags":[],"aioseo_notices":[],"_links":{"self":[{"href":"https:\/\/www.denizliviphaber.com\/index.php\/wp-json\/wp\/v2\/posts\/5280"}],"collection":[{"href":"https:\/\/www.denizliviphaber.com\/index.php\/wp-json\/wp\/v2\/posts"}],"about":[{"href":"https:\/\/www.denizliviphaber.com\/index.php\/wp-json\/wp\/v2\/types\/post"}],"author":[{"embeddable":true,"href":"https:\/\/www.denizliviphaber.com\/index.php\/wp-json\/wp\/v2\/users\/1"}],"replies":[{"embeddable":true,"href":"https:\/\/www.denizliviphaber.com\/index.php\/wp-json\/wp\/v2\/comments?post=5280"}],"version-history":[{"count":1,"href":"https:\/\/www.denizliviphaber.com\/index.php\/wp-json\/wp\/v2\/posts\/5280\/revisions"}],"predecessor-version":[{"id":5283,"href":"https:\/\/www.denizliviphaber.com\/index.php\/wp-json\/wp\/v2\/posts\/5280\/revisions\/5283"}],"wp:featuredmedia":[{"embeddable":true,"href":"https:\/\/www.denizliviphaber.com\/index.php\/wp-json\/wp\/v2\/media\/5282"}],"wp:attachment":[{"href":"https:\/\/www.denizliviphaber.com\/index.php\/wp-json\/wp\/v2\/media?parent=5280"}],"wp:term":[{"taxonomy":"category","embeddable":true,"href":"https:\/\/www.denizliviphaber.com\/index.php\/wp-json\/wp\/v2\/categories?post=5280"},{"taxonomy":"post_tag","embeddable":true,"href":"https:\/\/www.denizliviphaber.com\/index.php\/wp-json\/wp\/v2\/tags?post=5280"}],"curies":[{"name":"wp","href":"https:\/\/api.w.org\/{rel}","templated":true}]}}