{"id":5234,"date":"2023-03-22T13:11:50","date_gmt":"2023-03-22T10:11:50","guid":{"rendered":"https:\/\/www.denizliviphaber.com\/?p=5234"},"modified":"2023-03-22T13:11:52","modified_gmt":"2023-03-22T10:11:52","slug":"gokhan-zan-iyi-partiden-aday-adayi-oldu","status":"publish","type":"post","link":"https:\/\/www.denizliviphaber.com\/index.php\/2023\/03\/22\/gokhan-zan-iyi-partiden-aday-adayi-oldu\/","title":{"rendered":"G\u00f6khan Zan, \u0130Y\u0130 Parti&#8217;den aday aday\u0131 oldu"},"content":{"rendered":"\n<p>Hatayspor&#8217;un eski antren\u00f6r\u00fc G\u00f6khan Zan \u0130Y\u0130 Parti\u2019den milletvekili aday aday\u0131 oldu.<\/p>\n\n\n\n<figure class=\"wp-block-image size-full\"><img decoding=\"async\" loading=\"lazy\" width=\"760\" height=\"450\" src=\"https:\/\/www.denizliviphaber.com\/wp-content\/uploads\/2023\/03\/image-10.png\" alt=\"\" class=\"wp-image-5235\" srcset=\"https:\/\/www.denizliviphaber.com\/wp-content\/uploads\/2023\/03\/image-10.png 760w, https:\/\/www.denizliviphaber.com\/wp-content\/uploads\/2023\/03\/image-10-300x178.png 300w\" sizes=\"(max-width: 760px) 100vw, 760px\" \/><\/figure>\n\n\n\n<p>Hatay&#8217;da depreme yakalanan ve ilk dakikadan itibaren yard\u0131m \u00e7a\u011fr\u0131s\u0131yla g\u00fcndeme gelen Hatayspor&#8217;un eski antren\u00f6r\u00fc G\u00f6khan Zan, g\u00f6zya\u015flar\u0131yla yapt\u0131\u011f\u0131 yard\u0131m \u00e7a\u011fr\u0131lar\u0131yla dikkat \u00e7ekmi\u015fti. Hatayspor&#8217;un eski antren\u00f6r\u00fc G\u00f6khan Zan \u0130Y\u0130 Parti\u2019den milletvekili aday aday\u0131 oldu.<\/p>\n\n\n\n<p>\u0130Y\u0130 Parti\u2019nin TBMM\u2019deki grup toplant\u0131s\u0131na kat\u0131lan Zan, Hatay Milletvekili aday aday\u0131 oldu.<\/p>\n","protected":false},"excerpt":{"rendered":"<p>Hatayspor&#8217;un eski antren\u00f6r\u00fc G\u00f6khan Zan \u0130Y\u0130 Parti\u2019den milletvekili aday aday\u0131 oldu. Hatay&#8217;da depreme yakalanan ve ilk dakikadan itibaren yard\u0131m \u00e7a\u011fr\u0131s\u0131yla g\u00fcndeme gelen Hatayspor&#8217;un eski antren\u00f6r\u00fc G\u00f6khan Zan, g\u00f6zya\u015flar\u0131yla yapt\u0131\u011f\u0131 yard\u0131m \u00e7a\u011fr\u0131lar\u0131yla dikkat \u00e7ekmi\u015fti. Hatayspor&#8217;un eski antren\u00f6r\u00fc G\u00f6khan Zan \u0130Y\u0130 Parti\u2019den milletvekili aday aday\u0131 oldu. \u0130Y\u0130 Parti\u2019nin TBMM\u2019deki grup toplant\u0131s\u0131na kat\u0131lan Zan, Hatay Milletvekili aday aday\u0131 [&hellip;]<\/p>\n","protected":false},"author":1,"featured_media":0,"comment_status":"open","ping_status":"open","sticky":false,"template":"","format":"standard","meta":{"om_disable_all_campaigns":false,"_monsterinsights_skip_tracking":false,"_monsterinsights_sitenote_active":false,"_monsterinsights_sitenote_note":"","_monsterinsights_sitenote_category":0,"footnotes":""},"categories":[253,19,9],"tags":[],"aioseo_notices":[],"_links":{"self":[{"href":"https:\/\/www.denizliviphaber.com\/index.php\/wp-json\/wp\/v2\/posts\/5234"}],"collection":[{"href":"https:\/\/www.denizliviphaber.com\/index.php\/wp-json\/wp\/v2\/posts"}],"about":[{"href":"https:\/\/www.denizliviphaber.com\/index.php\/wp-json\/wp\/v2\/types\/post"}],"author":[{"embeddable":true,"href":"https:\/\/www.denizliviphaber.com\/index.php\/wp-json\/wp\/v2\/users\/1"}],"replies":[{"embeddable":true,"href":"https:\/\/www.denizliviphaber.com\/index.php\/wp-json\/wp\/v2\/comments?post=5234"}],"version-history":[{"count":1,"href":"https:\/\/www.denizliviphaber.com\/index.php\/wp-json\/wp\/v2\/posts\/5234\/revisions"}],"predecessor-version":[{"id":5236,"href":"https:\/\/www.denizliviphaber.com\/index.php\/wp-json\/wp\/v2\/posts\/5234\/revisions\/5236"}],"wp:attachment":[{"href":"https:\/\/www.denizliviphaber.com\/index.php\/wp-json\/wp\/v2\/media?parent=5234"}],"wp:term":[{"taxonomy":"category","embeddable":true,"href":"https:\/\/www.denizliviphaber.com\/index.php\/wp-json\/wp\/v2\/categories?post=5234"},{"taxonomy":"post_tag","embeddable":true,"href":"https:\/\/www.denizliviphaber.com\/index.php\/wp-json\/wp\/v2\/tags?post=5234"}],"curies":[{"name":"wp","href":"https:\/\/api.w.org\/{rel}","templated":true}]}}