{"id":4983,"date":"2023-01-02T17:29:17","date_gmt":"2023-01-02T14:29:17","guid":{"rendered":"https:\/\/www.denizliviphaber.com\/?p=4983"},"modified":"2023-01-02T17:29:18","modified_gmt":"2023-01-02T14:29:18","slug":"uyusturucu-komasina-giren-genc-oldu","status":"publish","type":"post","link":"https:\/\/www.denizliviphaber.com\/index.php\/2023\/01\/02\/uyusturucu-komasina-giren-genc-oldu\/","title":{"rendered":"Uyu\u015fturucu komas\u0131na giren gen\u00e7 \u00f6ld\u00fc"},"content":{"rendered":"\n<p>Denizli&#8217;de uyu\u015fturucu komas\u0131na giren 22 ya\u015f\u0131ndaki gen\u00e7, kald\u0131r\u0131ld\u0131\u011f\u0131 hastanede hayat\u0131n\u0131 kaybetti.<\/p>\n\n\n\n<figure class=\"wp-block-image size-large\"><img decoding=\"async\" loading=\"lazy\" width=\"1024\" height=\"768\" src=\"https:\/\/www.denizliviphaber.com\/wp-content\/uploads\/2023\/01\/Untitled-1-2-1024x768.jpg\" alt=\"\" class=\"wp-image-4984\" srcset=\"https:\/\/www.denizliviphaber.com\/wp-content\/uploads\/2023\/01\/Untitled-1-2-1024x768.jpg 1024w, https:\/\/www.denizliviphaber.com\/wp-content\/uploads\/2023\/01\/Untitled-1-2-300x225.jpg 300w, https:\/\/www.denizliviphaber.com\/wp-content\/uploads\/2023\/01\/Untitled-1-2-768x576.jpg 768w, https:\/\/www.denizliviphaber.com\/wp-content\/uploads\/2023\/01\/Untitled-1-2.jpg 1200w\" sizes=\"(max-width: 1024px) 100vw, 1024px\" \/><\/figure>\n\n\n\n<p><a href=\"https:\/\/www.haberler.com\/denizli\/\"><strong>Denizli<\/strong><\/a>&#8216;de uyu\u015fturucu komas\u0131na giren 22 ya\u015f\u0131ndaki gen\u00e7, kald\u0131r\u0131ld\u0131\u011f\u0131 hastanede hayat\u0131n\u0131 kaybetti.<\/p>\n\n\n\n<p>Olay, Merkezefendi il\u00e7esine ba\u011fl\u0131 Akkonak Mahallesinde meydana geldi. Edinilen bilgiye g\u00f6re; ak\u015fam saatlerinde evde fenala\u015fan Furkan C. (22), hastaneye kald\u0131r\u0131ld\u0131. Uyu\u015fturucu komas\u0131na girdi\u011fi tahmin edilen gen\u00e7, burada yap\u0131lan t\u00fcm m\u00fcdahalelere ra\u011fmen hayat\u0131n\u0131 kaybetti. Ac\u0131 haberi alan aile yak\u0131nlar\u0131 hastaneye ak\u0131n ederken, olay yeri inceleme ekipleri evde \u00e7al\u0131\u015fma ger\u00e7ekle\u015ftirdi. Yap\u0131lan \u00e7al\u0131\u015fmalar\u0131n ard\u0131ndan cans\u0131z beden otopsi yap\u0131lmak \u00fczere adli t\u0131p morguna kald\u0131r\u0131ld\u0131.<\/p>\n\n\n\n<p>Olay ile ilgili soru\u015fturma ba\u015flat\u0131ld\u0131<\/p>\n","protected":false},"excerpt":{"rendered":"<p>Denizli&#8217;de uyu\u015fturucu komas\u0131na giren 22 ya\u015f\u0131ndaki gen\u00e7, kald\u0131r\u0131ld\u0131\u011f\u0131 hastanede hayat\u0131n\u0131 kaybetti. Denizli&#8216;de uyu\u015fturucu komas\u0131na giren 22 ya\u015f\u0131ndaki gen\u00e7, kald\u0131r\u0131ld\u0131\u011f\u0131 hastanede hayat\u0131n\u0131 kaybetti. Olay, Merkezefendi il\u00e7esine ba\u011fl\u0131 Akkonak Mahallesinde meydana geldi. Edinilen bilgiye g\u00f6re; ak\u015fam saatlerinde evde fenala\u015fan Furkan C. (22), hastaneye kald\u0131r\u0131ld\u0131. Uyu\u015fturucu komas\u0131na girdi\u011fi tahmin edilen gen\u00e7, burada yap\u0131lan t\u00fcm m\u00fcdahalelere ra\u011fmen hayat\u0131n\u0131 kaybetti. [&hellip;]<\/p>\n","protected":false},"author":1,"featured_media":0,"comment_status":"open","ping_status":"open","sticky":false,"template":"","format":"standard","meta":{"om_disable_all_campaigns":false,"_monsterinsights_skip_tracking":false,"_monsterinsights_sitenote_active":false,"_monsterinsights_sitenote_note":"","_monsterinsights_sitenote_category":0,"footnotes":""},"categories":[1],"tags":[],"aioseo_notices":[],"_links":{"self":[{"href":"https:\/\/www.denizliviphaber.com\/index.php\/wp-json\/wp\/v2\/posts\/4983"}],"collection":[{"href":"https:\/\/www.denizliviphaber.com\/index.php\/wp-json\/wp\/v2\/posts"}],"about":[{"href":"https:\/\/www.denizliviphaber.com\/index.php\/wp-json\/wp\/v2\/types\/post"}],"author":[{"embeddable":true,"href":"https:\/\/www.denizliviphaber.com\/index.php\/wp-json\/wp\/v2\/users\/1"}],"replies":[{"embeddable":true,"href":"https:\/\/www.denizliviphaber.com\/index.php\/wp-json\/wp\/v2\/comments?post=4983"}],"version-history":[{"count":1,"href":"https:\/\/www.denizliviphaber.com\/index.php\/wp-json\/wp\/v2\/posts\/4983\/revisions"}],"predecessor-version":[{"id":4985,"href":"https:\/\/www.denizliviphaber.com\/index.php\/wp-json\/wp\/v2\/posts\/4983\/revisions\/4985"}],"wp:attachment":[{"href":"https:\/\/www.denizliviphaber.com\/index.php\/wp-json\/wp\/v2\/media?parent=4983"}],"wp:term":[{"taxonomy":"category","embeddable":true,"href":"https:\/\/www.denizliviphaber.com\/index.php\/wp-json\/wp\/v2\/categories?post=4983"},{"taxonomy":"post_tag","embeddable":true,"href":"https:\/\/www.denizliviphaber.com\/index.php\/wp-json\/wp\/v2\/tags?post=4983"}],"curies":[{"name":"wp","href":"https:\/\/api.w.org\/{rel}","templated":true}]}}