{"id":4628,"date":"2022-09-21T09:45:22","date_gmt":"2022-09-21T06:45:22","guid":{"rendered":"http:\/\/www.denizliviphaber.com\/?p=4628"},"modified":"2022-09-21T09:45:23","modified_gmt":"2022-09-21T06:45:23","slug":"ozgur-ozel-halk-tvde-biz-aday-olarak-kemal-kilicdaroglunu-isteriz","status":"publish","type":"post","link":"https:\/\/www.denizliviphaber.com\/index.php\/2022\/09\/21\/ozgur-ozel-halk-tvde-biz-aday-olarak-kemal-kilicdaroglunu-isteriz\/","title":{"rendered":"\u00d6zg\u00fcr \u00d6zel Halk TV&#8217;de: Biz aday olarak Kemal K\u0131l\u0131\u00e7daro\u011flu&#8217;nu isteriz"},"content":{"rendered":"\n<p>CHP Grup Ba\u015fkanvekili \u00d6zg\u00fcr \u00d6zel, \u0130smail K\u00fc\u00e7\u00fckkaya ile Yeni Bir Sabah&#8217;da de\u011ferlendirmeler yap\u0131yor.<\/p>\n\n\n\n<figure class=\"wp-block-image size-large\"><img decoding=\"async\" loading=\"lazy\" width=\"694\" height=\"362\" src=\"https:\/\/www.denizliviphaber.com\/wp-content\/uploads\/2022\/09\/Untitled-1-13.jpg\" alt=\"\" class=\"wp-image-4629\" srcset=\"https:\/\/www.denizliviphaber.com\/wp-content\/uploads\/2022\/09\/Untitled-1-13.jpg 694w, https:\/\/www.denizliviphaber.com\/wp-content\/uploads\/2022\/09\/Untitled-1-13-300x156.jpg 300w\" sizes=\"(max-width: 694px) 100vw, 694px\" \/><figcaption>CHP Grup Ba\u015fkanvekili ve Manisa Milletvekili\u00a0<strong>\u00d6zg\u00fcr \u00d6zel<\/strong>, Halk TV&#8217;de\u00a0<strong>\u0130smail K\u00fc\u00e7\u00fckkaya ile Yeni Bir Sabah<\/strong>&#8216;\u0131n konu\u011fu oldu.<br>\u00d6zel, g\u00fcndeme dair a\u00e7\u0131klamalarda bulunuyor.<br>Sat\u0131rba\u015flar\u0131 \u015f\u00f6yle:<br>2019 y\u0131l\u0131 \u00e7ok iyi ge\u00e7mi\u015fti. Bu sabah kalk\u0131nca bu y\u0131l in\u015fallah iyi bir y\u0131l olsun, iktidar de\u011fi\u015fsin, CHP iktidar olsun, herkesin y\u00fcz\u00fc g\u00fcls\u00fcn.<br><strong>K\u0131l\u0131\u00e7daro\u011flu&#8217;na lin\u00e7 giri\u015fimi davas\u0131nda &#8216;iyi hal&#8217;<\/strong><br>Tam bir rezalet. \u00dclkenin geldi\u011fi durumu g\u00f6stermek a\u00e7\u0131s\u0131ndan b\u00f6yle turnusol ka\u011f\u0131d\u0131 gibi. \u00d6ncesinde, s\u0131ras\u0131nda ve sonras\u0131nda olanlar bir b\u00fct\u00fcn. \u00d6ncesinde S\u00fcleyman Soylu, valilere &#8216;CHP&#8217;lileri \u015fehit cenazelerine sokmay\u0131n&#8217; diye s\u00f6zl\u00fc talimat verdi. Bu nas\u0131l bir provokasyondur? Esas\u0131nda bir b\u00fct\u00fcn halinde bakt\u0131\u011f\u0131n\u0131zda bu i\u015fin ba\u015flang\u0131\u00e7 noktas\u0131 Soylu&#8217;nun provokasyonu, hedef g\u00f6stermesi ve do\u011frudan g\u00f6stermeden talimat vermesiyle ba\u015flad\u0131.<br><br>Tu\u011fla gibi kitab\u0131m\u0131z var bu lin\u00e7 giri\u015fimiyle ilgili. O davadan savc\u0131n\u0131n bile bulmad\u0131\u011f\u0131 san\u0131klar\u0131 numaraland\u0131rarak yazd\u0131\u011f\u0131m\u0131z&#8230; Kemal beye u\u011fultular ba\u015flad\u0131\u011f\u0131nda birileri \u00e7at\u0131dan tahta da\u011f\u0131tmaya ba\u015fl\u0131yor millete. Bir \u00e7at\u0131ya gidip tahta al\u0131yorlar, demir \u00e7ubuklar istiflenmi\u015f, bir k\u00f6\u015fede ta\u015flar istiflenmi\u015f. Kemal bey gidiyor, AKP y\u00f6neticileri, AKP Genel Ba\u015fkan Yard\u0131mc\u0131s\u0131 Fatih bey neden elini s\u0131kmam\u0131\u015f? Cenaze bu ya, \u015fehit cenazesi&#8230; Atmosferde bir \u015fey var. Atmosferi germek istiyor. Hangi \u015fehit cenazesinde Kemal beyin eli havada kalm\u0131\u015f da bug\u00fcn kalm\u0131\u015f? Bunu g\u00f6rmek laz\u0131m.<br><br>Yumruk atmaya \u00e7al\u0131\u015f\u0131yorlar, arabas\u0131 kullan\u0131lmaz hale gelmi\u015f. Genel ba\u015fkan i\u00e7inde diye d\u00fc\u015f\u00fcnerek kayalar at\u0131l\u0131yor. Eve gidiyor, &#8216;Yak\u0131n bu evi&#8217; diye ba\u011f\u0131ran bir kad\u0131n. &#8216;O sen misin&#8217; diye sorulmam\u0131\u015f, mahkemede de ses kayd\u0131 incelemesi&#8230; Mahkeme \u015f\u00fcpheye d\u00fc\u015ft\u00fck, ses bu kad\u0131na m\u0131 ait diye&#8230; G\u00f6r\u00fcnt\u00fcde var, b\u00fct\u00fcn T\u00fcrkiye biliyor. O y\u00fczden san\u0131k lehine yorumlay\u0131p ceza vermiyorlar. Kad\u0131n bu \u00e7a\u011fr\u0131y\u0131 yapmam\u0131\u015f gibi&#8230; Yumruk atan ki\u015fi i\u00e7in de basit yaralama kast\u0131 deniliyor.<br>Ad\u0131m\u0131 \u00d6zg\u00fcr oldu\u011funu bildi\u011fim kadar, A\u011fr\u0131 Da\u011f\u0131 kadar ger\u00e7ek bir \u015feyden bahsediyoruz. Planl\u0131, haz\u0131rl\u0131kl\u0131 ve \u00f6nceden haz\u0131rlanarak yolland\u0131lar. Sen \u00fclkenin siyaset\u00e7isini, ana muhalefet liderini \u00f6ld\u00fcrmeye \u00e7al\u0131\u015f\u0131yorlar. Siyasilerden nas\u0131l mesajlar gelmesi laz\u0131m? Bah\u00e7eli &#8216;Senin ne i\u015fin var orada&#8217; diyor. Soylu, &#8216;Her yere gidilmez, bende baz\u0131 yerlere korkup gitmiyorum. O da gitmesin&#8217; diyor. Hedefi g\u00f6steren sensin. Erdo\u011fan&#8217;dan samimi bir ge\u00e7mi\u015f olsun telefonu beklersin, televizyondan bile demediler. Neredeyse Kemal beyi su\u00e7lad\u0131lar.<br><br>O g\u00fcn olay oldu\u011funda Milli Savunma Bakan\u0131, &#8216;Arkada\u015flar&#8217; diyor. Oradaki g\u00f6z\u00fc d\u00f6nm\u00fc\u015f g\u00fcruh arkada\u015f olabilir mi? Ona arkada\u015fsa o bakan da bu memleketten, hepimizden uzak dursun. &#8216;Arkada\u015flar mesaj\u0131n\u0131z\u0131 verdiniz art\u0131k da\u011f\u0131l\u0131n&#8217; diyor. Bu mesaj olabilir mi?<br>Kemal beyin davas\u0131nda bu karar\u0131 veren hakim \u015f\u00f6yle bir noktada. \u00d6ncesinde \u0130\u00e7i\u015fleri Bakan\u0131 bunu diyorsa, olay olurken oradaki bakan, vekiller b\u00f6yle davran\u0131yorsa, sonras\u0131nda Cumhur \u0130ttifak\u0131&#8217;n\u0131n iki lideri Kemal beyi su\u00e7luyorsa benim verece\u011fim karar belli diyor. Yumruk atan ki\u015finin elini \u00f6pmek i\u00e7in s\u0131raya girmi\u015fti baz\u0131 AKP&#8217;liler. Hakim b\u00f6yle bir psikoloji ile bu karar\u0131 vermi\u015f. S\u00fcleyman Soylu g\u00fcn\u00fc gelince bunun hesab\u0131n\u0131 verecek ama bu karar\u0131 verenlerde verecek. B\u00f6ylesi bir lin\u00e7 davas\u0131nda hi\u00e7bir kusur yok, haz\u0131rl\u0131k yok diyen adam bunun hesab\u0131n\u0131 verecek. Bir soru\u015fturma ile bunun hesab\u0131n\u0131 verecek.<\/figcaption><\/figure>\n","protected":false},"excerpt":{"rendered":"<p>CHP Grup Ba\u015fkanvekili \u00d6zg\u00fcr \u00d6zel, \u0130smail K\u00fc\u00e7\u00fckkaya ile Yeni Bir Sabah&#8217;da de\u011ferlendirmeler yap\u0131yor.<\/p>\n","protected":false},"author":1,"featured_media":0,"comment_status":"open","ping_status":"open","sticky":false,"template":"","format":"standard","meta":{"om_disable_all_campaigns":false,"_monsterinsights_skip_tracking":false,"_monsterinsights_sitenote_active":false,"_monsterinsights_sitenote_note":"","_monsterinsights_sitenote_category":0,"footnotes":""},"categories":[1],"tags":[],"aioseo_notices":[],"_links":{"self":[{"href":"https:\/\/www.denizliviphaber.com\/index.php\/wp-json\/wp\/v2\/posts\/4628"}],"collection":[{"href":"https:\/\/www.denizliviphaber.com\/index.php\/wp-json\/wp\/v2\/posts"}],"about":[{"href":"https:\/\/www.denizliviphaber.com\/index.php\/wp-json\/wp\/v2\/types\/post"}],"author":[{"embeddable":true,"href":"https:\/\/www.denizliviphaber.com\/index.php\/wp-json\/wp\/v2\/users\/1"}],"replies":[{"embeddable":true,"href":"https:\/\/www.denizliviphaber.com\/index.php\/wp-json\/wp\/v2\/comments?post=4628"}],"version-history":[{"count":1,"href":"https:\/\/www.denizliviphaber.com\/index.php\/wp-json\/wp\/v2\/posts\/4628\/revisions"}],"predecessor-version":[{"id":4630,"href":"https:\/\/www.denizliviphaber.com\/index.php\/wp-json\/wp\/v2\/posts\/4628\/revisions\/4630"}],"wp:attachment":[{"href":"https:\/\/www.denizliviphaber.com\/index.php\/wp-json\/wp\/v2\/media?parent=4628"}],"wp:term":[{"taxonomy":"category","embeddable":true,"href":"https:\/\/www.denizliviphaber.com\/index.php\/wp-json\/wp\/v2\/categories?post=4628"},{"taxonomy":"post_tag","embeddable":true,"href":"https:\/\/www.denizliviphaber.com\/index.php\/wp-json\/wp\/v2\/tags?post=4628"}],"curies":[{"name":"wp","href":"https:\/\/api.w.org\/{rel}","templated":true}]}}