{"id":4572,"date":"2022-09-08T11:28:37","date_gmt":"2022-09-08T08:28:37","guid":{"rendered":"http:\/\/www.denizliviphaber.com\/?p=4572"},"modified":"2022-09-08T11:28:38","modified_gmt":"2022-09-08T08:28:38","slug":"karakolda-dogru-soyler-mahkemede-sasar","status":"publish","type":"post","link":"https:\/\/www.denizliviphaber.com\/index.php\/2022\/09\/08\/karakolda-dogru-soyler-mahkemede-sasar\/","title":{"rendered":"KARAKOLDA DO\u011eRU S\u00d6YLER MAHKEMEDE \u015eA\u015eAR."},"content":{"rendered":"\n<figure class=\"wp-block-image size-large\"><img decoding=\"async\" loading=\"lazy\" width=\"1024\" height=\"768\" src=\"https:\/\/www.denizliviphaber.com\/wp-content\/uploads\/2022\/09\/2-1024x768.jpg\" alt=\"\" class=\"wp-image-4573\" srcset=\"https:\/\/www.denizliviphaber.com\/wp-content\/uploads\/2022\/09\/2-1024x768.jpg 1024w, https:\/\/www.denizliviphaber.com\/wp-content\/uploads\/2022\/09\/2-300x225.jpg 300w, https:\/\/www.denizliviphaber.com\/wp-content\/uploads\/2022\/09\/2-768x576.jpg 768w, https:\/\/www.denizliviphaber.com\/wp-content\/uploads\/2022\/09\/2.jpg 1216w\" sizes=\"(max-width: 1024px) 100vw, 1024px\" \/><\/figure>\n\n\n\n<p>19 &#8211; 21 A\u011fustos tarihleri aras\u0131nda d\u00fczenlenen Geleneksel 25. Buldan Yenicekent Tripolis K\u00fclt\u00fcr ve<br>Turfanda Sultaniye \u00c7ekirdeksiz \u00dcz\u00fcm Festivali\u2019ne Sn. Buldan Belediye Ba\u015fkan\u0131\u2019n\u0131n daveti \u00fczerine Ata<br>topra\u011f\u0131m olan Buldan\u2019da hem\u015ferilerimle de hemhal olmak \u00fczere y\u00f6netim kurulu \u00fcyesi arkada\u015flar\u0131mla<br>ve il\u00e7e te\u015fkilat\u0131m\u0131zla beraber mutlulukla ve siyaset \u00fcst\u00fc duygularla a\u00e7\u0131l\u0131\u015f t\u00f6renine kat\u0131ld\u0131k.<br>Say\u0131n Belediye Ba\u015fkan\u0131 da gerekli ev sahipli\u011fini yapt\u0131, kat\u0131l\u0131m\u0131m\u0131zdan duydu\u011fu memnuniyeti dile<br>getirdi.<br>Ancak bas\u0131na servis edilen b\u00fcltende Say\u0131n Genel Ba\u015fkan\u0131m\u0131z\u0131 \u015fehrinde temsil eden \u0130l Ba\u015fkan\u0131 dahil hi\u00e7<br>bir \u0130Y\u0130 PART\u0130 \u00fcyesinin kat\u0131l\u0131m\u0131ndan bahsedilmedi\u011fi gibi t\u00f6rende g\u00f6remedi\u011fimiz iktidar partisinin Sn.<br>il\u00e7e ba\u015fkan\u0131 ve di\u011fer k\u00fc\u00e7\u00fck ortaklar\u0131n\u0131n temsilcilerinden bahsedilmektedir.<br>Bu gaf ya da karakolda do\u011fru s\u00f6yler mahkemede \u015fa\u015far durumu de\u011filse en nazik ifade ile Sn. Belediye<br>ba\u015fkan\u0131n\u0131n partizanca tutumudur.<br>Kendi il\u00e7em olan Buldan ne zaman ne vesile ile \u00e7a\u011f\u0131rsa ko\u015fan bir \u0130l Ba\u015fkan\u0131 olarak konuyu kamuoyuna<br>a\u00e7\u0131klama gere\u011fi duydum.<br>Not: Buldan Say\u0131n Belediye Ba\u015fkan\u0131\u2019n\u0131n ad\u0131 metinde sehven unutulmu\u015ftur.<\/p>\n","protected":false},"excerpt":{"rendered":"<p>19 &#8211; 21 A\u011fustos tarihleri aras\u0131nda d\u00fczenlenen Geleneksel 25. Buldan Yenicekent Tripolis K\u00fclt\u00fcr veTurfanda Sultaniye \u00c7ekirdeksiz \u00dcz\u00fcm Festivali\u2019ne Sn. Buldan Belediye Ba\u015fkan\u0131\u2019n\u0131n daveti \u00fczerine Atatopra\u011f\u0131m olan Buldan\u2019da hem\u015ferilerimle de hemhal olmak \u00fczere y\u00f6netim kurulu \u00fcyesi arkada\u015flar\u0131mlave il\u00e7e te\u015fkilat\u0131m\u0131zla beraber mutlulukla ve siyaset \u00fcst\u00fc duygularla a\u00e7\u0131l\u0131\u015f t\u00f6renine kat\u0131ld\u0131k.Say\u0131n Belediye Ba\u015fkan\u0131 da gerekli ev sahipli\u011fini yapt\u0131, kat\u0131l\u0131m\u0131m\u0131zdan [&hellip;]<\/p>\n","protected":false},"author":1,"featured_media":0,"comment_status":"open","ping_status":"open","sticky":false,"template":"","format":"standard","meta":{"om_disable_all_campaigns":false,"_monsterinsights_skip_tracking":false,"_monsterinsights_sitenote_active":false,"_monsterinsights_sitenote_note":"","_monsterinsights_sitenote_category":0,"footnotes":""},"categories":[1],"tags":[],"aioseo_notices":[],"_links":{"self":[{"href":"https:\/\/www.denizliviphaber.com\/index.php\/wp-json\/wp\/v2\/posts\/4572"}],"collection":[{"href":"https:\/\/www.denizliviphaber.com\/index.php\/wp-json\/wp\/v2\/posts"}],"about":[{"href":"https:\/\/www.denizliviphaber.com\/index.php\/wp-json\/wp\/v2\/types\/post"}],"author":[{"embeddable":true,"href":"https:\/\/www.denizliviphaber.com\/index.php\/wp-json\/wp\/v2\/users\/1"}],"replies":[{"embeddable":true,"href":"https:\/\/www.denizliviphaber.com\/index.php\/wp-json\/wp\/v2\/comments?post=4572"}],"version-history":[{"count":1,"href":"https:\/\/www.denizliviphaber.com\/index.php\/wp-json\/wp\/v2\/posts\/4572\/revisions"}],"predecessor-version":[{"id":4574,"href":"https:\/\/www.denizliviphaber.com\/index.php\/wp-json\/wp\/v2\/posts\/4572\/revisions\/4574"}],"wp:attachment":[{"href":"https:\/\/www.denizliviphaber.com\/index.php\/wp-json\/wp\/v2\/media?parent=4572"}],"wp:term":[{"taxonomy":"category","embeddable":true,"href":"https:\/\/www.denizliviphaber.com\/index.php\/wp-json\/wp\/v2\/categories?post=4572"},{"taxonomy":"post_tag","embeddable":true,"href":"https:\/\/www.denizliviphaber.com\/index.php\/wp-json\/wp\/v2\/tags?post=4572"}],"curies":[{"name":"wp","href":"https:\/\/api.w.org\/{rel}","templated":true}]}}