{"id":4463,"date":"2022-07-16T10:59:40","date_gmt":"2022-07-16T07:59:40","guid":{"rendered":"http:\/\/www.denizliviphaber.com\/?p=4463"},"modified":"2022-07-16T10:59:41","modified_gmt":"2022-07-16T07:59:41","slug":"merkez-bankasi-eylulde-bayrak-cekecek","status":"publish","type":"post","link":"https:\/\/www.denizliviphaber.com\/index.php\/2022\/07\/16\/merkez-bankasi-eylulde-bayrak-cekecek\/","title":{"rendered":"&#8216;Merkez Bankas\u0131 eyl\u00fclde bayrak \u00e7ekecek&#8217;"},"content":{"rendered":"\n<h2 class=\"wp-block-heading\">CHP\u2019li \u00d6zg\u00fcr Karabat, i\u00e7inde bulundu\u011fumuz ekonomik \u00e7\u00f6k\u00fc\u015f i\u00e7in bir an \u00f6nce harekete ge\u00e7ilmesi gerekti\u011fini belirterek, 5 y\u0131ll\u0131k kredi risk primi CDS&#8217;in normalin \u00e7ok \u00fczerinde seyretti\u011fini, b\u00f6yle giderse Merkez Bankas\u0131&#8217;n\u0131n eyl\u00fclde bayrak \u00e7ekece\u011fini s\u00f6yledi.<\/h2>\n\n\n\n<p>\u00a0\u00a0<\/p>\n\n\n\n<figure class=\"wp-block-image\"><img decoding=\"async\" src=\"https:\/\/halktv.com.tr\/d\/news\/165107.jpg\" alt=\"'Merkez Bankas\u0131 eyl\u00fclde bayrak \u00e7ekecek'\"\/><\/figure>\n\n\n\n<p><strong>CHP \u0130stanbul Milletvekili \u00d6zg\u00fcr Karabat,<\/strong>&nbsp;T\u00fcrkiye\u2019nin ekonomik \u00e7\u00f6k\u00fc\u015f i\u00e7inde oldu\u011funu ve bir an \u00f6nce harekete ge\u00e7ilmesi gerekti\u011finin alt\u0131n\u0131 \u00e7izdi. \u00dclke ekonomisinin \u00e7ok kritik bir d\u00fczeyde oldu\u011funu kaydeden Karabat, T\u00fcrkiye&#8217;nin 5 y\u0131ll\u0131k kredi risk primi CDS&#8217;in normalin \u00e7ok \u00fczerinde oldu\u011funu, sava\u015ftaki Ukrayna&#8217;n\u0131n CDS&#8217;inin bile 550 baz puanda oldu\u011funu s\u00f6yledi. Euro\/dolar paritesinde ya\u015fanan de\u011fi\u015fiklik ile euro&#8217;da ya\u015fanan de\u011fer kayb\u0131n\u0131n ihracat\u0131 vuraca\u011f\u0131n\u0131, turizm gelirlerinin azalmas\u0131yla dolar kurunu tutman\u0131n \u00e7ok zor oldu\u011funu s\u00f6yleyen Karabat,&nbsp;<strong>\u201cMerkez Bankas\u0131&#8217;n\u0131n eyl\u00fcl ay\u0131nda bayrak \u00e7ekece\u011fini\u201d<\/strong>&nbsp;iddia etti.<\/p>\n\n\n\n<p>\u00d6zg\u00fcr Karabat&#8217;\u0131n resmi Twitter hesab\u0131ndan T\u00fcrkiye ekonomisine y\u00f6nelik yapt\u0131\u011f\u0131 payla\u015f\u0131mlar \u015f\u00f6yle: <\/p>\n\n\n\n<figure class=\"wp-block-image size-large\"><img decoding=\"async\" loading=\"lazy\" width=\"586\" height=\"399\" src=\"https:\/\/www.denizliviphaber.com\/wp-content\/uploads\/2022\/07\/Untitled-1-12.jpg\" alt=\"\" class=\"wp-image-4464\" srcset=\"https:\/\/www.denizliviphaber.com\/wp-content\/uploads\/2022\/07\/Untitled-1-12.jpg 586w, https:\/\/www.denizliviphaber.com\/wp-content\/uploads\/2022\/07\/Untitled-1-12-300x204.jpg 300w\" sizes=\"(max-width: 586px) 100vw, 586px\" \/><\/figure>\n\n\n\n<p>1) \u00c7\u00f6k\u00fc\u015f i\u00e7indeki ekonomiyi kurtarmak i\u00e7in bir an \u00f6nce harekete ge\u00e7mek gerekiyor. Yoksa \u00e7ok daha a\u011f\u0131r bedeller \u00f6demek zorunda kalaca\u011f\u0131z. \u00c7ok kritik birka\u00e7 ayl\u0131k s\u00fcre i\u00e7indeyiz. \u0130bretlik durumumuz \u015f\u00f6yle&#8230; &#8220;SAVA\u015eTAK\u0130 UKRAYNA&#8217;NIN B\u0130LE&#8230;&#8221;<\/p>\n\n\n\n<p>2) Kredi risk primimiz (CDS) 900\u2019\u00fc a\u015ft\u0131. CDS\u2019ler d\u00fcnyada: Hollanda 13, Almanya 15, ABD 20, Fransa 26, Kanada 33, \u0130spanya\u2019da 61, \u00c7in 85. Olmas\u0131 gereken seviyeler bunlar ama T\u00fcrkiye u\u00e7mu\u015f durumda. Sava\u015ftaki Ukrayna\u2019n\u0131n bile 550. Arjantin 1030, Rusya 13 bin.<\/p>\n\n\n\n<p>3) 900 puan CDS nedeniyle finans kaynaklar\u0131 T\u00fcrkiye\u2019ye daha y\u00fcksek faizle veriliyor. ABD\u2019nin sert faiz art\u0131r\u0131mlar\u0131na yak\u0131nda Avrupa Birli\u011fi de dahil olacak. Hem ABD dolar\u0131 hem de euro daha \u00e7ok de\u011ferlenecek. Bizim ise rezervleri bo\u015f Merkez Bankam\u0131z var.<\/p>\n\n\n\n<p>4) AKP\u2019nin BDDK\u2019daki ve Merkez Bankas\u0131\u2019ndaki \u201c<strong>fanatik b\u00fcrokratlar\u0131\u201d<\/strong>&nbsp;\u00fclkenin nas\u0131l bir felakete savruldu\u011funu umursamadan, \u00f6zel sekt\u00f6r \u00fczerinde oyunlar oynuyor. Krediler k\u0131s\u0131l\u0131yor, &#8220;D\u00f6vizinizi bozun&#8221; telefonlar\u0131 a\u00e7\u0131yorlar.<\/p>\n\n\n\n<p>5) K\u00fcresel enflasyonu frenlemek i\u00e7in t\u00fcketimler k\u0131s\u0131tlanmaya ba\u015flad\u0131. Bununla birlikte emtia fiyatlar\u0131 geriliyor. \u0130hracat\u0131m\u0131z\u0131n art\u0131\u015f h\u0131z\u0131 bu aydan itibaren yava\u015flayacak. Euro&#8217;nun de\u011fer kaybetmesi de ihracat\u0131 vuracak. D\u0131\u015f ticaret a\u00e7\u0131\u011f\u0131 daha da b\u00fcy\u00fcyecek.<\/p>\n\n\n\n<p>6) Eyl\u00fcl ay\u0131 ile birlikte T\u00fcrkiye\u2019ye akan turizm geliri de azalmaya ba\u015flay\u0131nca dolar kurunu tutmak \u00e7ok zor olacak. Eksi 55 milyar dolarl\u0131k rezerviyle Merkez Bankas\u0131\u2019n\u0131n art\u0131k emanet paralarla piyasaya m\u00fcdahalesi de sona erecek. Yani MB bayrak \u00e7ekecek!<\/p>\n\n\n\n<h3 class=\"wp-block-heading\"><strong>\u2018Elde kalan son \u015firketlere \u00e7ok ucuza \u00e7\u00f6kecekler\u2019<\/strong><\/h3>\n\n\n\n<p>7) AKP son bir \u00e7are K\u00f6rfez sermayesini \u0130stanbul\u2019a \u00e7a\u011f\u0131rd\u0131. Birle\u015fik Arap Emirlikleri prensleri, bakanlar\u0131 Dolmabah\u00e7e\u2019de a\u011f\u0131rland\u0131. S\u00f6zde T\u00fcrkiye\u2019ye yat\u0131r\u0131m yapacaklar. Hay\u0131r! Elde kalan son \u015firketlere \u00e7ok ucuza \u00e7\u00f6kecekler!<\/p>\n\n\n\n<p>8) K\u00f6rfez sermayesi burada ta\u015f \u00fcst\u00fcne ta\u015f m\u0131 koyacak, hay\u0131r! Y\u0131lba\u015f\u0131ndan bu yana AKP, Araplar\u0131 ikna etmeye \u00e7al\u0131\u015f\u0131yor; ama nafile. T\u00fcrk liras\u0131n\u0131n de\u011ferinin daha da d\u00fc\u015fmesini ve Varl\u0131k Fonu\u2019ndaki \u015firketleri ucuza almak istiyorlar.<\/p>\n\n\n\n<p>9) Bakan Nebati ne yap\u0131yor? \u0130\u015f g\u00fcc\u00fcn\u00fcn y\u00fczde 60\u2019\u0131n\u0131n hizmet sekt\u00f6r\u00fcne mahkum olmas\u0131yla mutlu oluyor. Y\u00fcksek enflasyon nedeniyle yap\u0131lan maa\u015f zamlar\u0131 ile \u00f6v\u00fcn\u00fcyor. Vaatlerinin hi\u00e7biri tutmuyor; ama utanma duygusu olmad\u0131\u011f\u0131 i\u00e7in \u00e7\u0131k\u0131p g\u00fclerek konu\u015fabiliyor!<\/p>\n\n\n\n<p>10) Aral\u0131k 2021\u2019de Kur Korumal\u0131 Mevduat devreye al\u0131nd\u0131\u011f\u0131nda bunun ekonomideki sorunlara \u00e7are olmayaca\u011f\u0131n\u0131, k\u0131sa s\u00fcrede dolar\u0131n eski seviyelerine gelece\u011fini s\u00f6ylemi\u015ftik. \u015eimdi o noktaday\u0131z. Sn. Nebati, MB bayrak \u00e7ekince de utanmadan g\u00fclecek misin?<\/p>\n\n\n\n<p>11) Bu ibretlik tablo AKP\u2019nin eseridir. 3 k\u0131tan\u0131n birle\u015fti\u011fi noktada, do\u011fas\u0131 co\u011frafyas\u0131 \u00e7ok de\u011ferli, Avrupa\u2019n\u0131n en gen\u00e7 n\u00fcfusuna sahip \u00fclkeyi 3 kuru\u015fa mahkum hale getirdiler. AKP\u2019nin bu \u00fclkeye daha b\u00fcy\u00fck felaketten ba\u015fka verece\u011fi bir \u015fey yoktur. \u2018Bir an \u00f6nce erken se\u00e7ime gidilmeli\u2019<\/p>\n\n\n\n<p>12) \u015eunu da belirtmekte fayda var. AKP ticari mahremiyeti yok etmi\u015ftir. \u015eirketlerin hesaplar\u0131n\u0131n d\u00f6k\u00fcm\u00fc Cumhurba\u015fkan\u0131 Erdo\u011fan ve Nebati\u2019nin \u00f6n\u00fcndedir. 2014 y\u0131l\u0131ndaki Cumhurba\u015fkanl\u0131\u011f\u0131 se\u00e7iminden daha tehlikeli bir oyun oynuyorlar.<\/p>\n\n\n\n<p>13) 2014\u2019te adaylar ba\u011f\u0131\u015f topluyordu. Fanatik b\u00fcrokratlar, AKP\u2019li y\u00f6neticilere ve yanda\u015f \u015firketlere listeler veriyordu. \u0130\u015f d\u00fcnyas\u0131 Erdo\u011fan\u2019a ba\u011f\u0131\u015f yapmak zorunda b\u0131rak\u0131l\u0131yordu. AKP \u015fimdi i\u015fletmelerin bilan\u00e7olar\u0131n\u0131 bozacak m\u00fcdahalelerde bulunuyor.<\/p>\n\n\n\n<p>14) AKP\u2019nin ticari mahremiyeti nas\u0131l yok etti\u011fini, Birg\u00fcn\u2019de kaleme ald\u0131\u011f\u0131m makalemde ayr\u0131nt\u0131lar\u0131yla dile getirmi\u015ftim.<\/p>\n\n\n\n<p>15) AKP, bir an \u00f6nce erken se\u00e7im karar\u0131 almal\u0131d\u0131r. Buradan ayr\u0131ca fanatik b\u00fcrokratlara sesleniyorum. Sn. Genel Ba\u015fkan\u0131m\u0131z Kemal K\u0131l\u0131\u00e7daro\u011flu\u2019nun uyar\u0131lar\u0131n\u0131 hat\u0131rlay\u0131n. Su\u00e7 i\u015fliyorsunuz, yapmay\u0131n!<\/p>\n","protected":false},"excerpt":{"rendered":"<p>CHP\u2019li \u00d6zg\u00fcr Karabat, i\u00e7inde bulundu\u011fumuz ekonomik \u00e7\u00f6k\u00fc\u015f i\u00e7in bir an \u00f6nce harekete ge\u00e7ilmesi gerekti\u011fini belirterek, 5 y\u0131ll\u0131k kredi risk primi CDS&#8217;in normalin \u00e7ok \u00fczerinde seyretti\u011fini, b\u00f6yle giderse Merkez Bankas\u0131&#8217;n\u0131n eyl\u00fclde bayrak \u00e7ekece\u011fini s\u00f6yledi. \u00a0\u00a0 CHP \u0130stanbul Milletvekili \u00d6zg\u00fcr Karabat,&nbsp;T\u00fcrkiye\u2019nin ekonomik \u00e7\u00f6k\u00fc\u015f i\u00e7inde oldu\u011funu ve bir an \u00f6nce harekete ge\u00e7ilmesi gerekti\u011finin alt\u0131n\u0131 \u00e7izdi. \u00dclke ekonomisinin \u00e7ok [&hellip;]<\/p>\n","protected":false},"author":1,"featured_media":0,"comment_status":"open","ping_status":"open","sticky":false,"template":"","format":"standard","meta":{"om_disable_all_campaigns":false,"_monsterinsights_skip_tracking":false,"_monsterinsights_sitenote_active":false,"_monsterinsights_sitenote_note":"","_monsterinsights_sitenote_category":0,"footnotes":""},"categories":[1],"tags":[],"aioseo_notices":[],"_links":{"self":[{"href":"https:\/\/www.denizliviphaber.com\/index.php\/wp-json\/wp\/v2\/posts\/4463"}],"collection":[{"href":"https:\/\/www.denizliviphaber.com\/index.php\/wp-json\/wp\/v2\/posts"}],"about":[{"href":"https:\/\/www.denizliviphaber.com\/index.php\/wp-json\/wp\/v2\/types\/post"}],"author":[{"embeddable":true,"href":"https:\/\/www.denizliviphaber.com\/index.php\/wp-json\/wp\/v2\/users\/1"}],"replies":[{"embeddable":true,"href":"https:\/\/www.denizliviphaber.com\/index.php\/wp-json\/wp\/v2\/comments?post=4463"}],"version-history":[{"count":1,"href":"https:\/\/www.denizliviphaber.com\/index.php\/wp-json\/wp\/v2\/posts\/4463\/revisions"}],"predecessor-version":[{"id":4465,"href":"https:\/\/www.denizliviphaber.com\/index.php\/wp-json\/wp\/v2\/posts\/4463\/revisions\/4465"}],"wp:attachment":[{"href":"https:\/\/www.denizliviphaber.com\/index.php\/wp-json\/wp\/v2\/media?parent=4463"}],"wp:term":[{"taxonomy":"category","embeddable":true,"href":"https:\/\/www.denizliviphaber.com\/index.php\/wp-json\/wp\/v2\/categories?post=4463"},{"taxonomy":"post_tag","embeddable":true,"href":"https:\/\/www.denizliviphaber.com\/index.php\/wp-json\/wp\/v2\/tags?post=4463"}],"curies":[{"name":"wp","href":"https:\/\/api.w.org\/{rel}","templated":true}]}}