{"id":4380,"date":"2022-06-23T10:03:34","date_gmt":"2022-06-23T07:03:34","guid":{"rendered":"http:\/\/www.denizliviphaber.com\/?p=4380"},"modified":"2022-06-23T10:03:35","modified_gmt":"2022-06-23T07:03:35","slug":"egm-marmaristeki-yanginla-ilgili-paylasimlara-islem-baslatildi","status":"publish","type":"post","link":"https:\/\/www.denizliviphaber.com\/index.php\/2022\/06\/23\/egm-marmaristeki-yanginla-ilgili-paylasimlara-islem-baslatildi\/","title":{"rendered":"EGM: Marmaris&#8217;teki yang\u0131nla ilgili payla\u015f\u0131mlara i\u015flem ba\u015flat\u0131ld\u0131."},"content":{"rendered":"\n<figure class=\"wp-block-image\"><img decoding=\"async\" src=\"https:\/\/halktv.com.tr\/d\/news\/161494.jpg\" alt=\"EGM: Marmaris'teki yang\u0131nla ilgili payla\u015f\u0131mlara i\u015flem ba\u015flat\u0131ld\u0131\"\/><\/figure>\n\n\n\n<h2 class=\"wp-block-heading\">Emniyet Genel M\u00fcd\u00fcrl\u00fc\u011f\u00fc (EGM), Mu\u011fla\u2019n\u0131n Marmaris il\u00e7esinde s\u00fcren orman yang\u0131n\u0131na ili\u015fkin sosyal medya payla\u015f\u0131mlar\u0131yla ilgili \u00e7al\u0131\u015fma ba\u015flatt\u0131\u011f\u0131n\u0131 a\u00e7\u0131klad\u0131. Emniyet\u2019in a\u00e7\u0131klamas\u0131nda, \u201cSu\u00e7 unsuru i\u00e7erikli payla\u015f\u0131mda bulunan hesaplar\u0131n y\u00f6neticisi\/kullan\u0131c\u0131s\u0131 tespit edilerek i\u015flemlere ba\u015flan\u0131lm\u0131\u015ft\u0131r\u201d denildi.<\/h2>\n\n\n\n<p>Emniyet Genel M\u00fcd\u00fcrl\u00fc\u011f\u00fc (EGM), Mu\u011fla\u2019n\u0131n Marmaris il\u00e7esinde s\u00fcren orman yang\u0131n\u0131na ili\u015fkin sosyal medya payla\u015f\u0131mlar\u0131yla ilgili \u00e7al\u0131\u015fma ba\u015flatt\u0131\u011f\u0131n\u0131 a\u00e7\u0131klad\u0131. Emniyet\u2019in a\u00e7\u0131klamas\u0131nda,&nbsp;<strong>\u201cSu\u00e7 unsuru i\u00e7erikli payla\u015f\u0131mda bulunan hesaplar\u0131n y\u00f6neticisi\/kullan\u0131c\u0131s\u0131 tespit edilerek i\u015flemlere ba\u015flan\u0131lm\u0131\u015ft\u0131r\u201d<\/strong>&nbsp;denildi.<\/p>\n\n\n\n<p>EGM&#8217;den bug\u00fcn yap\u0131lan yaz\u0131l\u0131 a\u00e7\u0131klamada, Marmaris\u2019te d\u00fcn ak\u015fam ba\u015flayan ve hala s\u00fcren orman yang\u0131n\u0131na ili\u015fkin sosyal medya paylam\u0131\u015flar\u0131yla ilgili \u00e7al\u0131\u015fma ba\u015flat\u0131ld\u0131\u011f\u0131 bildirildi ve bu \u00e7al\u0131\u015fmalara ili\u015fkin bilgi verildi. A\u00e7\u0131klamada \u015funlar kaydedildi:<\/p>\n\n\n\n<p><strong>\u201cSiber Su\u00e7larla M\u00fccadele Daire Ba\u015fkanl\u0131\u011f\u0131 ve ba\u011fl\u0131 il birimlerince, kanunlar\u0131n verdi\u011fi yetki ve sorumluluk \u00e7er\u00e7evesinde, su\u00e7 ve su\u00e7lularla m\u00fccadele amac\u0131yla internet ortam\u0131nda 7\/24 esas\u0131na g\u00f6re y\u00fcr\u00fct\u00fclen sanal devriye faaliyetleri kapsam\u0131nda; 21 Haziran 2022 tarihinde Mu\u011fla ili Marmaris il\u00e7esinde meydana gelen orman yang\u0131n\u0131 ile ilgili sosyal medya platformlar\u0131 \u00fczerinden yang\u0131na m\u00fcdahale edilmedi\u011fi, otellere alan a\u00e7mak i\u00e7in \u00e7\u0131kar\u0131ld\u0131\u011f\u0131 ve sabotaj s\u00f6ylemlerinin dola\u015f\u0131ma sokularak dezenformasyon faaliyetlerinin y\u00fcr\u00fct\u00fclmeye \u00e7al\u0131\u015f\u0131ld\u0131\u011f\u0131, kamuoyu \u00fczerinde panik ve g\u00fcvensizlik olu\u015fturabilecek s\u00f6ylemlerin bilgisayarlar taraf\u0131ndan y\u00f6netilen bot\/proje hesaplar arac\u0131l\u0131\u011f\u0131yla yay\u0131ld\u0131\u011f\u0131 g\u00f6r\u00fclm\u00fc\u015ft\u00fcr.<\/strong><\/p>\n\n\n\n<figure class=\"wp-block-image\"><img decoding=\"async\" src=\"https:\/\/halktv.com.tr\/d\/news\/161494.jpg\" alt=\"EGM: Marmaris'teki yang\u0131nla ilgili payla\u015f\u0131mlara i\u015flem ba\u015flat\u0131ld\u0131\"\/><\/figure>\n\n\n\n<p><strong>Meydana gelen yang\u0131n olay\u0131 ile ilgili payla\u015f\u0131mlar incelenmi\u015f ve \u2018halk\u0131n bir kesimini di\u011fer bir kesimi aleyhine d\u00fc\u015fmanl\u0131\u011fa ve\/veya kin beslemeye alenen tahrik eden, halk aras\u0131nda korku ve panik yaratmak amac\u0131yla i\u00e7erik \u00fcreten\u2019 hesaplar hakk\u0131nda \u00e7al\u0131\u015fma yap\u0131lm\u0131\u015f olup, su\u00e7 unsuru i\u00e7erikli payla\u015f\u0131mda bulunan hesaplar\u0131n y\u00f6neticisi\/kullan\u0131c\u0131s\u0131 tespit edilerek i\u015flemlere ba\u015flan\u0131lm\u0131\u015ft\u0131r.<\/strong><\/p>\n\n\n\n<p><strong>Bahse konu olayla ilgili olu\u015fturulan etiket ve bahsetmelerle ilgili bot hesaplar\u0131n tespitine y\u00f6nelik yap\u0131lan \u00e7al\u0131\u015fmalar neticesinde; \u2018#marmaris\u2019 etiketi (hashtag) kullan\u0131larak 22 bin 787 farkl\u0131 hesaptan payla\u015f\u0131m yap\u0131ld\u0131\u011f\u0131 g\u00f6r\u00fclm\u00fc\u015f, bu hesaplar\u0131n y\u00fczde 59,42\u2019sinin bilgisayarlar taraf\u0131ndan y\u00f6netilen bot hesaplar oldu\u011fu de\u011ferlendirilmi\u015ftir.<\/strong><\/p>\n\n\n\n<p><strong>\u2018Orman\u2019 kelimesi kullan\u0131larak 16 bin 31 farkl\u0131 hesaptan payla\u015f\u0131m yap\u0131ld\u0131\u011f\u0131 g\u00f6r\u00fclm\u00fc\u015f, bu hesaplar\u0131n y\u00fczde 67,38\u2019inin bilgisayarlar taraf\u0131ndan y\u00f6netilen bot hesaplar oldu\u011fu de\u011ferlendirilmi\u015ftir.<\/strong><\/p>\n\n\n\n<p><strong>\u2018Yanan\u2019 kelimesi kullan\u0131larak 17 bin 235 farkl\u0131 hesaptan payla\u015f\u0131m yap\u0131ld\u0131\u011f\u0131 g\u00f6r\u00fclm\u00fc\u015f, bu hesaplar\u0131n y\u00fczde 56,1\u2019inin bilgisayarlar taraf\u0131ndan y\u00f6netilen bot hesaplar oldu\u011fu de\u011ferlendirilmi\u015ftir.<\/strong><\/p>\n\n\n\n<p><strong>\u2018U\u00e7aklar\u2019 kelimesi kullan\u0131larak 3 bin 571 farkl\u0131 hesaptan payla\u015f\u0131m yap\u0131ld\u0131\u011f\u0131 g\u00f6r\u00fclm\u00fc\u015f, bu hesaplar\u0131n y\u00fczde 71,74\u2019\u00fcn\u00fcn bilgisayarlar taraf\u0131ndan y\u00f6netilen bot hesaplar oldu\u011fu de\u011ferlendirilmi\u015ftir.<\/strong>l<\/p>\n\n\n\n<p><strong>\u2018\u015eahan\u2019 kelimesi kullan\u0131larak 10 bin 723 farkl\u0131 hesaptan payla\u015f\u0131m yap\u0131ld\u0131\u011f\u0131 g\u00f6r\u00fclm\u00fc\u015f, bu hesaplar\u0131n y\u00fczde 57,14\u2019\u00fcn\u00fcn bilgisayarlar taraf\u0131ndan y\u00f6netilen bot hesaplar oldu\u011fu de\u011ferlendirilmi\u015ftir.<\/strong><\/p>\n\n\n\n<p><strong>\u2018Otel\u2019 kelimesi kullan\u0131larak 5 bin 709 farkl\u0131 hesaptan payla\u015f\u0131m yap\u0131ld\u0131\u011f\u0131 g\u00f6r\u00fclm\u00fc\u015f, bu hesaplar\u0131n y\u00fczde 54,55\u2019inin bilgisayarlar taraf\u0131ndan y\u00f6netilen bot hesaplar oldu\u011fu de\u011ferlendirilmi\u015ftir.\u201d<\/strong><\/p>\n","protected":false},"excerpt":{"rendered":"<p>Emniyet Genel M\u00fcd\u00fcrl\u00fc\u011f\u00fc (EGM), Mu\u011fla\u2019n\u0131n Marmaris il\u00e7esinde s\u00fcren orman yang\u0131n\u0131na ili\u015fkin sosyal medya payla\u015f\u0131mlar\u0131yla ilgili \u00e7al\u0131\u015fma ba\u015flatt\u0131\u011f\u0131n\u0131 a\u00e7\u0131klad\u0131. Emniyet\u2019in a\u00e7\u0131klamas\u0131nda, \u201cSu\u00e7 unsuru i\u00e7erikli payla\u015f\u0131mda bulunan hesaplar\u0131n y\u00f6neticisi\/kullan\u0131c\u0131s\u0131 tespit edilerek i\u015flemlere ba\u015flan\u0131lm\u0131\u015ft\u0131r\u201d denildi. Emniyet Genel M\u00fcd\u00fcrl\u00fc\u011f\u00fc (EGM), Mu\u011fla\u2019n\u0131n Marmaris il\u00e7esinde s\u00fcren orman yang\u0131n\u0131na ili\u015fkin sosyal medya payla\u015f\u0131mlar\u0131yla ilgili \u00e7al\u0131\u015fma ba\u015flatt\u0131\u011f\u0131n\u0131 a\u00e7\u0131klad\u0131. Emniyet\u2019in a\u00e7\u0131klamas\u0131nda,&nbsp;\u201cSu\u00e7 unsuru i\u00e7erikli payla\u015f\u0131mda [&hellip;]<\/p>\n","protected":false},"author":1,"featured_media":0,"comment_status":"open","ping_status":"open","sticky":false,"template":"","format":"standard","meta":{"om_disable_all_campaigns":false,"_monsterinsights_skip_tracking":false,"_monsterinsights_sitenote_active":false,"_monsterinsights_sitenote_note":"","_monsterinsights_sitenote_category":0,"footnotes":""},"categories":[1],"tags":[],"aioseo_notices":[],"_links":{"self":[{"href":"https:\/\/www.denizliviphaber.com\/index.php\/wp-json\/wp\/v2\/posts\/4380"}],"collection":[{"href":"https:\/\/www.denizliviphaber.com\/index.php\/wp-json\/wp\/v2\/posts"}],"about":[{"href":"https:\/\/www.denizliviphaber.com\/index.php\/wp-json\/wp\/v2\/types\/post"}],"author":[{"embeddable":true,"href":"https:\/\/www.denizliviphaber.com\/index.php\/wp-json\/wp\/v2\/users\/1"}],"replies":[{"embeddable":true,"href":"https:\/\/www.denizliviphaber.com\/index.php\/wp-json\/wp\/v2\/comments?post=4380"}],"version-history":[{"count":1,"href":"https:\/\/www.denizliviphaber.com\/index.php\/wp-json\/wp\/v2\/posts\/4380\/revisions"}],"predecessor-version":[{"id":4381,"href":"https:\/\/www.denizliviphaber.com\/index.php\/wp-json\/wp\/v2\/posts\/4380\/revisions\/4381"}],"wp:attachment":[{"href":"https:\/\/www.denizliviphaber.com\/index.php\/wp-json\/wp\/v2\/media?parent=4380"}],"wp:term":[{"taxonomy":"category","embeddable":true,"href":"https:\/\/www.denizliviphaber.com\/index.php\/wp-json\/wp\/v2\/categories?post=4380"},{"taxonomy":"post_tag","embeddable":true,"href":"https:\/\/www.denizliviphaber.com\/index.php\/wp-json\/wp\/v2\/tags?post=4380"}],"curies":[{"name":"wp","href":"https:\/\/api.w.org\/{rel}","templated":true}]}}