{"id":4362,"date":"2022-06-22T16:14:05","date_gmt":"2022-06-22T13:14:05","guid":{"rendered":"http:\/\/www.denizliviphaber.com\/?p=4362"},"modified":"2022-06-22T16:14:06","modified_gmt":"2022-06-22T13:14:06","slug":"mugla-koycegizde-orman-yangini","status":"publish","type":"post","link":"https:\/\/www.denizliviphaber.com\/index.php\/2022\/06\/22\/mugla-koycegizde-orman-yangini\/","title":{"rendered":"Mu\u011fla K\u00f6yce\u011fiz&#8217;de orman yang\u0131n\u0131."},"content":{"rendered":"\n<p>Mu\u011fla&#8217;n\u0131n K\u00f6yce\u011fiz il\u00e7esinde orman yang\u0131n\u0131 \u00e7\u0131kt\u0131. Ekiplerin yang\u0131n\u0131 s\u00f6nd\u00fcrme \u00e7al\u0131\u015fmalar\u0131 devam ediyor.<\/p>\n\n\n\n<figure class=\"wp-block-image size-large\"><img decoding=\"async\" loading=\"lazy\" width=\"730\" height=\"380\" src=\"https:\/\/www.denizliviphaber.com\/wp-content\/uploads\/2022\/06\/koycegiz-de-orman-yangini-basladi.jpg\" alt=\"\" class=\"wp-image-4363\" srcset=\"https:\/\/www.denizliviphaber.com\/wp-content\/uploads\/2022\/06\/koycegiz-de-orman-yangini-basladi.jpg 730w, https:\/\/www.denizliviphaber.com\/wp-content\/uploads\/2022\/06\/koycegiz-de-orman-yangini-basladi-300x156.jpg 300w\" sizes=\"(max-width: 730px) 100vw, 730px\" \/><\/figure>\n\n\n\n<h2 class=\"wp-block-heading\">Mu\u011fla&#8217;n\u0131n K\u00f6yce\u011fiz il\u00e7esinde orman yang\u0131n\u0131 \u00e7\u0131kt\u0131. Ekiplerin yang\u0131n\u0131 s\u00f6nd\u00fcrme \u00e7al\u0131\u015fmalar\u0131 devam ediyor.<\/h2>\n\n\n\n<p>Yang\u0131n Toparlar \u015eelale mevkiinde meydana geldi. Edinilen bilgiye g\u00f6re, b\u00f6lgedeki ormanl\u0131k araziden alevlerin y\u00fckseldi\u011fini fark eden vatanda\u015flar durumu 112 Acil \u00c7a\u011fr\u0131 Merkezi&#8217;ne bildirdi. \u0130hbar \u00fczerine b\u00f6lgeye hava ara\u00e7lar\u0131 y\u00f6nlendirildi. Ekiplerin yang\u0131n\u0131 s\u00f6nd\u00fcrme \u00e7al\u0131\u015fmalar\u0131 devam ediyor.<\/p>\n","protected":false},"excerpt":{"rendered":"<p>Mu\u011fla&#8217;n\u0131n K\u00f6yce\u011fiz il\u00e7esinde orman yang\u0131n\u0131 \u00e7\u0131kt\u0131. Ekiplerin yang\u0131n\u0131 s\u00f6nd\u00fcrme \u00e7al\u0131\u015fmalar\u0131 devam ediyor. Mu\u011fla&#8217;n\u0131n K\u00f6yce\u011fiz il\u00e7esinde orman yang\u0131n\u0131 \u00e7\u0131kt\u0131. Ekiplerin yang\u0131n\u0131 s\u00f6nd\u00fcrme \u00e7al\u0131\u015fmalar\u0131 devam ediyor. Yang\u0131n Toparlar \u015eelale mevkiinde meydana geldi. Edinilen bilgiye g\u00f6re, b\u00f6lgedeki ormanl\u0131k araziden alevlerin y\u00fckseldi\u011fini fark eden vatanda\u015flar durumu 112 Acil \u00c7a\u011fr\u0131 Merkezi&#8217;ne bildirdi. \u0130hbar \u00fczerine b\u00f6lgeye hava ara\u00e7lar\u0131 y\u00f6nlendirildi. Ekiplerin yang\u0131n\u0131 [&hellip;]<\/p>\n","protected":false},"author":1,"featured_media":0,"comment_status":"open","ping_status":"open","sticky":false,"template":"","format":"standard","meta":{"om_disable_all_campaigns":false,"_monsterinsights_skip_tracking":false,"_monsterinsights_sitenote_active":false,"_monsterinsights_sitenote_note":"","_monsterinsights_sitenote_category":0,"footnotes":""},"categories":[1],"tags":[],"aioseo_notices":[],"_links":{"self":[{"href":"https:\/\/www.denizliviphaber.com\/index.php\/wp-json\/wp\/v2\/posts\/4362"}],"collection":[{"href":"https:\/\/www.denizliviphaber.com\/index.php\/wp-json\/wp\/v2\/posts"}],"about":[{"href":"https:\/\/www.denizliviphaber.com\/index.php\/wp-json\/wp\/v2\/types\/post"}],"author":[{"embeddable":true,"href":"https:\/\/www.denizliviphaber.com\/index.php\/wp-json\/wp\/v2\/users\/1"}],"replies":[{"embeddable":true,"href":"https:\/\/www.denizliviphaber.com\/index.php\/wp-json\/wp\/v2\/comments?post=4362"}],"version-history":[{"count":1,"href":"https:\/\/www.denizliviphaber.com\/index.php\/wp-json\/wp\/v2\/posts\/4362\/revisions"}],"predecessor-version":[{"id":4364,"href":"https:\/\/www.denizliviphaber.com\/index.php\/wp-json\/wp\/v2\/posts\/4362\/revisions\/4364"}],"wp:attachment":[{"href":"https:\/\/www.denizliviphaber.com\/index.php\/wp-json\/wp\/v2\/media?parent=4362"}],"wp:term":[{"taxonomy":"category","embeddable":true,"href":"https:\/\/www.denizliviphaber.com\/index.php\/wp-json\/wp\/v2\/categories?post=4362"},{"taxonomy":"post_tag","embeddable":true,"href":"https:\/\/www.denizliviphaber.com\/index.php\/wp-json\/wp\/v2\/tags?post=4362"}],"curies":[{"name":"wp","href":"https:\/\/api.w.org\/{rel}","templated":true}]}}