{"id":4312,"date":"2022-06-16T13:37:01","date_gmt":"2022-06-16T10:37:01","guid":{"rendered":"http:\/\/www.denizliviphaber.com\/?p=4312"},"modified":"2022-06-16T13:37:02","modified_gmt":"2022-06-16T10:37:02","slug":"oldurulen-kopek-icin-cinar-meydanda-eylem-yaptilar","status":"publish","type":"post","link":"https:\/\/www.denizliviphaber.com\/index.php\/2022\/06\/16\/oldurulen-kopek-icin-cinar-meydanda-eylem-yaptilar\/","title":{"rendered":"\u00f6ld\u00fcr\u00fclen k\u00f6pek i\u00e7in  \u00e7\u0131nar meydanda eylem yapt\u0131lar."},"content":{"rendered":"\n<figure class=\"wp-block-image size-large\"><img decoding=\"async\" loading=\"lazy\" width=\"1024\" height=\"603\" src=\"https:\/\/www.denizliviphaber.com\/wp-content\/uploads\/2022\/06\/oll-1024x603.jpg\" alt=\"\" class=\"wp-image-4314\" srcset=\"https:\/\/www.denizliviphaber.com\/wp-content\/uploads\/2022\/06\/oll-1024x603.jpg 1024w, https:\/\/www.denizliviphaber.com\/wp-content\/uploads\/2022\/06\/oll-300x177.jpg 300w, https:\/\/www.denizliviphaber.com\/wp-content\/uploads\/2022\/06\/oll-768x452.jpg 768w, https:\/\/www.denizliviphaber.com\/wp-content\/uploads\/2022\/06\/oll-1536x905.jpg 1536w, https:\/\/www.denizliviphaber.com\/wp-content\/uploads\/2022\/06\/oll.jpg 1581w\" sizes=\"(max-width: 1024px) 100vw, 1024px\" \/><\/figure>\n\n\n\n<p>Denizli\u2019de Emel Totan\u2019\u0131n sahiplenerek Pa\u015fa ad\u0131n\u0131 verdi\u011fi k\u00f6pek, kom\u015fusu S\u00fcleyman T. taraf\u0131ndan ba\u015f\u0131ndan vurularak \u00f6ld\u00fcr\u00fcld\u00fc. S\u00fcleyman T. g\u00f6zalt\u0131na al\u0131narak adliyeye sevk edildi. S\u00fcleyman T. tutuklu yarg\u0131lanacak.<\/p>\n\n\n\n<figure class=\"wp-block-image\"><img decoding=\"async\" src=\"https:\/\/www.denizliviphaber.com\/wp-content\/uploads\/2022\/06\/Untitled-1-12.jpg\" alt=\"Bu g\u00f6rsel bo\u015f bir alt niteli\u011fe sahip; dosya ad\u0131 Untitled-1-12.jpg\"\/><\/figure>\n\n\n\n<p>Hayvan haklar\u0131 savunucular\u0131 katilin en a\u011f\u0131r cezay\u0131 almas\u0131 i\u00e7in \u00c7\u0131nar Meydan\u0131\u2019nda eylem yapt\u0131. Denizli Hayvan Dostlar\u0131 Derne\u011fi, Sempati Hayvanlar\u0131 Koruma Derne\u011fi ve hayvan haklar\u0131 savunucular\u0131n\u0131n kat\u0131ld\u0131\u011f\u0131 eylemde bas\u0131n a\u00e7\u0131klamas\u0131n\u0131 Nazl\u0131 Y\u0131lmaz okudu.\u00a0<\/p>\n\n\n\n<figure class=\"wp-block-gallery columns-1 is-cropped wp-block-gallery-1 is-layout-flex wp-block-gallery-is-layout-flex\"><ul class=\"blocks-gallery-grid\"><li class=\"blocks-gallery-item\"><figure><img decoding=\"async\" loading=\"lazy\" width=\"1024\" height=\"603\" src=\"https:\/\/www.denizliviphaber.com\/wp-content\/uploads\/2022\/06\/Untitled-1-13-1024x603.jpg\" alt=\"\" data-id=\"4315\" data-full-url=\"https:\/\/www.denizliviphaber.com\/wp-content\/uploads\/2022\/06\/Untitled-1-13.jpg\" data-link=\"https:\/\/www.denizliviphaber.com\/?attachment_id=4315\" class=\"wp-image-4315\" srcset=\"https:\/\/www.denizliviphaber.com\/wp-content\/uploads\/2022\/06\/Untitled-1-13-1024x603.jpg 1024w, https:\/\/www.denizliviphaber.com\/wp-content\/uploads\/2022\/06\/Untitled-1-13-300x177.jpg 300w, https:\/\/www.denizliviphaber.com\/wp-content\/uploads\/2022\/06\/Untitled-1-13-768x452.jpg 768w, https:\/\/www.denizliviphaber.com\/wp-content\/uploads\/2022\/06\/Untitled-1-13-1536x905.jpg 1536w, https:\/\/www.denizliviphaber.com\/wp-content\/uploads\/2022\/06\/Untitled-1-13.jpg 1581w\" sizes=\"(max-width: 1024px) 100vw, 1024px\" \/><\/figure><\/li><\/ul><\/figure>\n\n\n\n<p>Denizli\u2019de Emel Totan\u2019\u0131n evlat edinerek Pa\u015fa ad\u0131n\u0131 verdi\u011fi k\u00f6pek, kom\u015fusu S\u00fcleyman T. taraf\u0131ndan ba\u015f\u0131ndan vurularak \u00f6ld\u00fcr\u00fcld\u00fc. S\u00fcleyman T. g\u00f6zalt\u0131na al\u0131narak adliyeye sevk edildi. S\u00fcleyman T. tutuklu yarg\u0131lanacak.<\/p>\n\n\n\n<p>Hayvan haklar\u0131 savunucular\u0131 katilin en a\u011f\u0131r cezay\u0131 almas\u0131 i\u00e7in \u00c7\u0131nar Meydan\u0131\u2019nda eylem yapt\u0131. Denizli Hayvan Dostlar\u0131 Derne\u011fi, Sempati Hayvanlar\u0131 Koruma Derne\u011fi ve hayvan haklar\u0131 savunucular\u0131n\u0131n kat\u0131ld\u0131\u011f\u0131 eylemde bas\u0131n a\u00e7\u0131klamas\u0131n\u0131 Nazl\u0131 Y\u0131lmaz okudu.&nbsp;<\/p>\n\n\n\n<p>Gerekli yasal d\u00fczenlemelerin yap\u0131lmas\u0131 \u00e7a\u011fr\u0131s\u0131nda bulunan Y\u0131lmaz, \u201cHayvanlara kar\u015f\u0131 y\u0131llard\u0131r aral\u0131ks\u0131z ve dozu art\u0131r\u0131larak uygulanan \u015fiddetin daha da \u00e7ok artt\u0131\u011f\u0131 g\u00fcn\u00fcm\u00fczde gerekli yasal d\u00fczenlemeler yap\u0131lmad\u0131\u011f\u0131 i\u00e7in \u00f6n\u00fcne ge\u00e7ilememektedir. \u2018Nas\u0131l olsa sizi \u00f6ld\u00fcr\u00fcr 2 ay yatar \u00e7\u0131kar\u0131m\u2019 zihniyetinin toplumumuzdan silinmesi i\u00e7in gerekli d\u00fczenlemelerin yap\u0131lmas\u0131n\u0131 istiyoruz. Bir kap yeme\u011fe, sevgiye hasret canlar\u0131m\u0131z\u0131 katledenlerden yasal yollarla hesab\u0131n\u0131 soraca\u011f\u0131z\u201d dedi.<\/p>\n\n\n\n<figure class=\"wp-block-image size-large\"><img decoding=\"async\" loading=\"lazy\" width=\"1024\" height=\"355\" src=\"https:\/\/www.denizliviphaber.com\/wp-content\/uploads\/2022\/06\/Untitled-2-1024x355.jpg\" alt=\"\" class=\"wp-image-4316\" srcset=\"https:\/\/www.denizliviphaber.com\/wp-content\/uploads\/2022\/06\/Untitled-2-1024x355.jpg 1024w, https:\/\/www.denizliviphaber.com\/wp-content\/uploads\/2022\/06\/Untitled-2-300x104.jpg 300w, https:\/\/www.denizliviphaber.com\/wp-content\/uploads\/2022\/06\/Untitled-2-768x266.jpg 768w, https:\/\/www.denizliviphaber.com\/wp-content\/uploads\/2022\/06\/Untitled-2-1536x533.jpg 1536w, https:\/\/www.denizliviphaber.com\/wp-content\/uploads\/2022\/06\/Untitled-2.jpg 1597w\" sizes=\"(max-width: 1024px) 100vw, 1024px\" \/><\/figure>\n\n\n\n<p>B\u00fclent G\u00f6kce   ac\u0131klamas\u0131nda  Bug\u00fcn ki Bas\u0131n a\u00e7\u0131klamas\u0131nda desteklerini esirgemeyen CHP il Gen\u00e7lik kollar\u0131 ba\u015fkan\u0131 <a href=\"https:\/\/www.denizliviphaber.com\">Tugay Odaba\u015f\u0131o\u011flu<\/a> ve ekibine ,CHP Pamukkale Gen\u00e7lik kollar\u0131 il\u00e7e ba\u015fkan\u0131 <a href=\"https:\/\/www.denizliviphaber.com\">\u0130brahim Savan<\/a> ve ekibine ,CHP Merkezefendi Gen\u00e7lik kollar\u0131 ba\u015fkan\u0131 <a href=\"https:\/\/www.denizliviphaber.com\">Mehmet \u00d6zdarak<\/a> ve ekibine,TDP il Ba\u015fkan\u0131 Or\u00e7un Sar\u0131han ve ekibine ,EYT Dernek Ba\u015fkan\u0131 <a href=\"https:\/\/www.denizliviphaber.com\">Durmu\u015f Kartal<\/a> a,Di\u015f hekimi <a href=\"https:\/\/www.denizliviphaber.com\">G\u00f6khan \u00c7ankir<\/a> a , <a href=\"https:\/\/www.denizliviphaber.com\">\u0130smail G\u00fcltekin<\/a> , <a href=\"https:\/\/www.denizliviphaber.com\">Ferhat \u00c7elik<\/a> , <a href=\"https:\/\/www.denizliviphaber.com\">Bilgehan Burgul<\/a> ve ad\u0131n\u0131 sayamad\u0131\u011f\u0131m\u0131z arkada\u015flar\u0131m\u0131za \u00e7ok te\u015fekk\u00fcr ederiz. iyi ki vars\u0131n\u0131z sizler \u00e7ok de\u011ferli ve \u00f6zel insanlars\u0131n\u0131z.<\/p>\n","protected":false},"excerpt":{"rendered":"<p>Denizli\u2019de Emel Totan\u2019\u0131n sahiplenerek Pa\u015fa ad\u0131n\u0131 verdi\u011fi k\u00f6pek, kom\u015fusu S\u00fcleyman T. taraf\u0131ndan ba\u015f\u0131ndan vurularak \u00f6ld\u00fcr\u00fcld\u00fc. S\u00fcleyman T. g\u00f6zalt\u0131na al\u0131narak adliyeye sevk edildi. S\u00fcleyman T. tutuklu yarg\u0131lanacak. Hayvan haklar\u0131 savunucular\u0131 katilin en a\u011f\u0131r cezay\u0131 almas\u0131 i\u00e7in \u00c7\u0131nar Meydan\u0131\u2019nda eylem yapt\u0131. Denizli Hayvan Dostlar\u0131 Derne\u011fi, Sempati Hayvanlar\u0131 Koruma Derne\u011fi ve hayvan haklar\u0131 savunucular\u0131n\u0131n kat\u0131ld\u0131\u011f\u0131 eylemde bas\u0131n a\u00e7\u0131klamas\u0131n\u0131 [&hellip;]<\/p>\n","protected":false},"author":1,"featured_media":0,"comment_status":"open","ping_status":"open","sticky":false,"template":"","format":"standard","meta":{"om_disable_all_campaigns":false,"_monsterinsights_skip_tracking":false,"_monsterinsights_sitenote_active":false,"_monsterinsights_sitenote_note":"","_monsterinsights_sitenote_category":0,"footnotes":""},"categories":[1],"tags":[],"aioseo_notices":[],"_links":{"self":[{"href":"https:\/\/www.denizliviphaber.com\/index.php\/wp-json\/wp\/v2\/posts\/4312"}],"collection":[{"href":"https:\/\/www.denizliviphaber.com\/index.php\/wp-json\/wp\/v2\/posts"}],"about":[{"href":"https:\/\/www.denizliviphaber.com\/index.php\/wp-json\/wp\/v2\/types\/post"}],"author":[{"embeddable":true,"href":"https:\/\/www.denizliviphaber.com\/index.php\/wp-json\/wp\/v2\/users\/1"}],"replies":[{"embeddable":true,"href":"https:\/\/www.denizliviphaber.com\/index.php\/wp-json\/wp\/v2\/comments?post=4312"}],"version-history":[{"count":1,"href":"https:\/\/www.denizliviphaber.com\/index.php\/wp-json\/wp\/v2\/posts\/4312\/revisions"}],"predecessor-version":[{"id":4317,"href":"https:\/\/www.denizliviphaber.com\/index.php\/wp-json\/wp\/v2\/posts\/4312\/revisions\/4317"}],"wp:attachment":[{"href":"https:\/\/www.denizliviphaber.com\/index.php\/wp-json\/wp\/v2\/media?parent=4312"}],"wp:term":[{"taxonomy":"category","embeddable":true,"href":"https:\/\/www.denizliviphaber.com\/index.php\/wp-json\/wp\/v2\/categories?post=4312"},{"taxonomy":"post_tag","embeddable":true,"href":"https:\/\/www.denizliviphaber.com\/index.php\/wp-json\/wp\/v2\/tags?post=4312"}],"curies":[{"name":"wp","href":"https:\/\/api.w.org\/{rel}","templated":true}]}}