{"id":3737,"date":"2022-03-22T10:03:43","date_gmt":"2022-03-22T07:03:43","guid":{"rendered":"http:\/\/www.denizliviphaber.com\/?p=3737"},"modified":"2022-03-22T10:03:44","modified_gmt":"2022-03-22T07:03:44","slug":"biraktigi-not-ve-cansiz-bedeni-ayni-anda-bulundu","status":"publish","type":"post","link":"https:\/\/www.denizliviphaber.com\/index.php\/2022\/03\/22\/biraktigi-not-ve-cansiz-bedeni-ayni-anda-bulundu\/","title":{"rendered":"B\u0131rakt\u0131\u011f\u0131 Not ve Cans\u0131z Bedeni Ayn\u0131 Anda Bulundu"},"content":{"rendered":"\n<figure class=\"wp-block-image size-large\"><img decoding=\"async\" loading=\"lazy\" width=\"715\" height=\"354\" src=\"https:\/\/www.denizliviphaber.com\/wp-content\/uploads\/2022\/03\/12.jpg\" alt=\"\" class=\"wp-image-3738\" srcset=\"https:\/\/www.denizliviphaber.com\/wp-content\/uploads\/2022\/03\/12.jpg 715w, https:\/\/www.denizliviphaber.com\/wp-content\/uploads\/2022\/03\/12-300x149.jpg 300w\" sizes=\"(max-width: 715px) 100vw, 715px\" \/><figcaption>Denizli\u2019de kendisinden 2 g\u00fcnd\u00fcr haber al\u0131namayan gencin evine giren ekiplerin &#8220;Uzaklarda aramay\u0131n&#8221; yaz\u0131l\u0131 nota ula\u015ft\u0131\u011f\u0131 dakikalarda, cans\u0131z bedeni de tarif etti\u011fi ormanl\u0131k alanda \u00e7oban taraf\u0131ndan bulundu.<\/figcaption><\/figure>\n\n\n\n<p>Olay, Pamukkale il\u00e7esi Kervansaray Mahallesi\u2019nde meydana geldi. Edinilen bilgiye g\u00f6re; ailesinden ayr\u0131 olarak il merkezinde yaln\u0131z ya\u015fayan 27 ya\u015f\u0131ndaki\u00a0<strong>H\u00fcseyin \u00c7evikel<\/strong>&#8216;den Cumartesi sabah\u0131ndan bu yana haber alamayan yak\u0131nlar\u0131, t\u00fcm \u00e7abalar\u0131na ra\u011fmen evlatlar\u0131na bir t\u00fcrl\u00fc ula\u015famay\u0131nca bu sabah saatlerinde kay\u0131p ba\u015fvurusunda bulundu. Cumhuriyet Savc\u0131l\u0131\u011f\u0131ndan al\u0131nan izinle bir teksti fabrikas\u0131nda i\u015f\u00e7i olarak \u00e7al\u0131\u015fan H\u00fcseyin \u00c7evikel&#8217;in Anafartalar Mahallesindeki evine giren ekipler, yapt\u0131klar\u0131 aramada &#8220;<strong>Uzaklarda aramay\u0131n<\/strong>, teleferik civar\u0131ndaki ormanl\u0131k alanlara bak\u0131n&#8221; yaz\u0131l\u0131 bir not buldu.<\/p>\n\n\n\n<figure class=\"wp-block-image size-large\"><img decoding=\"async\" loading=\"lazy\" width=\"1000\" height=\"561\" src=\"https:\/\/www.denizliviphaber.com\/wp-content\/uploads\/2022\/03\/AW574609_05.jpg\" alt=\"\" class=\"wp-image-3739\" srcset=\"https:\/\/www.denizliviphaber.com\/wp-content\/uploads\/2022\/03\/AW574609_05.jpg 1000w, https:\/\/www.denizliviphaber.com\/wp-content\/uploads\/2022\/03\/AW574609_05-300x168.jpg 300w, https:\/\/www.denizliviphaber.com\/wp-content\/uploads\/2022\/03\/AW574609_05-768x431.jpg 768w\" sizes=\"(max-width: 1000px) 100vw, 1000px\" \/><figcaption><strong>Cans\u0131z bedeni de ayn\u0131 anda bulundu<\/strong><br>Ekiplerin H\u00fcseyin \u00c7evikel&#8217;in evinde arama yapt\u0131\u011f\u0131 dakikalarda, teleferik b\u00f6lgesinde k\u00fc\u00e7\u00fckba\u015f hayvanlar\u0131n\u0131 otlatan U.K. isimli \u00e7oban, gelen cep telefonu sesine do\u011fru y\u00f6neldi\u011finde \u00e7am a\u011fac\u0131na as\u0131l\u0131 vaziyette bir erkek cesedi buldu. \u00c7oban\u0131n 112 Acil \u00c7a\u011fr\u0131 Merkezi&#8217;ne yapt\u0131\u011f\u0131 ihbar\u0131n, H\u00fcseyin \u00c7evikel&#8217;in evinde ortaya \u00e7\u0131kan not ile \u00f6rt\u00fc\u015fmesi \u00fczerine ekipler b\u00f6lgeye y\u00f6nlendirildi. \u00c7oban\u0131n yer g\u00f6stermesi \u00fczerine b\u00f6lgeye ula\u015fan ekipler, bulunan cesedin 2 g\u00fcnd\u00fcr haber al\u0131namayan H\u00fcseyin \u00c7evikel&#8217;e ait oldu\u011funu belirledi.<br>B\u0131rakt\u0131\u011f\u0131 not ve cans\u0131 bedeni ayn\u0131 dakikalarda bulunan H\u00fcseyin \u00c7evikel&#8217;in cenazesi, itfaiye ekiplerinin yard\u0131m\u0131yla bulundu\u011fu a\u011fa\u00e7tan a\u015fa\u011f\u0131ya indirildi. \u00c7evikel&#8217;in cenazesi, olay yeri inceleme ekiplerinin \u00e7al\u0131\u015fmas\u0131n\u0131n ard\u0131ndan cans\u0131z bedeni otopsi yap\u0131lmak \u00fczere\u00a0<strong>Pamukkale \u00dcniversitesi Adli T\u0131p Morgu<\/strong>na sevk edildi.<br>Olayla ilgili soru\u015fturma devam ediyor.<\/figcaption><\/figure>\n","protected":false},"excerpt":{"rendered":"<p>Olay, Pamukkale il\u00e7esi Kervansaray Mahallesi\u2019nde meydana geldi. Edinilen bilgiye g\u00f6re; ailesinden ayr\u0131 olarak il merkezinde yaln\u0131z ya\u015fayan 27 ya\u015f\u0131ndaki\u00a0H\u00fcseyin \u00c7evikel&#8216;den Cumartesi sabah\u0131ndan bu yana haber alamayan yak\u0131nlar\u0131, t\u00fcm \u00e7abalar\u0131na ra\u011fmen evlatlar\u0131na bir t\u00fcrl\u00fc ula\u015famay\u0131nca bu sabah saatlerinde kay\u0131p ba\u015fvurusunda bulundu. Cumhuriyet Savc\u0131l\u0131\u011f\u0131ndan al\u0131nan izinle bir teksti fabrikas\u0131nda i\u015f\u00e7i olarak \u00e7al\u0131\u015fan H\u00fcseyin \u00c7evikel&#8217;in Anafartalar Mahallesindeki evine [&hellip;]<\/p>\n","protected":false},"author":1,"featured_media":0,"comment_status":"open","ping_status":"open","sticky":false,"template":"","format":"standard","meta":{"om_disable_all_campaigns":false,"_monsterinsights_skip_tracking":false,"_monsterinsights_sitenote_active":false,"_monsterinsights_sitenote_note":"","_monsterinsights_sitenote_category":0,"footnotes":""},"categories":[1],"tags":[],"aioseo_notices":[],"_links":{"self":[{"href":"https:\/\/www.denizliviphaber.com\/index.php\/wp-json\/wp\/v2\/posts\/3737"}],"collection":[{"href":"https:\/\/www.denizliviphaber.com\/index.php\/wp-json\/wp\/v2\/posts"}],"about":[{"href":"https:\/\/www.denizliviphaber.com\/index.php\/wp-json\/wp\/v2\/types\/post"}],"author":[{"embeddable":true,"href":"https:\/\/www.denizliviphaber.com\/index.php\/wp-json\/wp\/v2\/users\/1"}],"replies":[{"embeddable":true,"href":"https:\/\/www.denizliviphaber.com\/index.php\/wp-json\/wp\/v2\/comments?post=3737"}],"version-history":[{"count":1,"href":"https:\/\/www.denizliviphaber.com\/index.php\/wp-json\/wp\/v2\/posts\/3737\/revisions"}],"predecessor-version":[{"id":3740,"href":"https:\/\/www.denizliviphaber.com\/index.php\/wp-json\/wp\/v2\/posts\/3737\/revisions\/3740"}],"wp:attachment":[{"href":"https:\/\/www.denizliviphaber.com\/index.php\/wp-json\/wp\/v2\/media?parent=3737"}],"wp:term":[{"taxonomy":"category","embeddable":true,"href":"https:\/\/www.denizliviphaber.com\/index.php\/wp-json\/wp\/v2\/categories?post=3737"},{"taxonomy":"post_tag","embeddable":true,"href":"https:\/\/www.denizliviphaber.com\/index.php\/wp-json\/wp\/v2\/tags?post=3737"}],"curies":[{"name":"wp","href":"https:\/\/api.w.org\/{rel}","templated":true}]}}