{"id":3438,"date":"2021-12-01T18:38:26","date_gmt":"2021-12-01T15:38:26","guid":{"rendered":"http:\/\/www.denizliviphaber.com\/?p=3438"},"modified":"2021-12-01T18:38:28","modified_gmt":"2021-12-01T15:38:28","slug":"merkezefendi-belediyesinden-engelsiz-fest","status":"publish","type":"post","link":"https:\/\/www.denizliviphaber.com\/index.php\/2021\/12\/01\/merkezefendi-belediyesinden-engelsiz-fest\/","title":{"rendered":"Merkezefendi Belediyesi\u2019nden \u2018Engelsiz Fest\u2019"},"content":{"rendered":"\n<figure class=\"wp-block-image size-large\"><img decoding=\"async\" loading=\"lazy\" width=\"656\" height=\"400\" src=\"https:\/\/www.denizliviphaber.com\/wp-content\/uploads\/2021\/12\/merkezefendi_belediyesinden_engelsiz_fest_h108086_b4895.jpg\" alt=\"\" class=\"wp-image-3439\" srcset=\"https:\/\/www.denizliviphaber.com\/wp-content\/uploads\/2021\/12\/merkezefendi_belediyesinden_engelsiz_fest_h108086_b4895.jpg 656w, https:\/\/www.denizliviphaber.com\/wp-content\/uploads\/2021\/12\/merkezefendi_belediyesinden_engelsiz_fest_h108086_b4895-300x183.jpg 300w\" sizes=\"(max-width: 656px) 100vw, 656px\" \/><\/figure>\n\n\n\n<p>Merkezefendi Belediyesi, 3 Aral\u0131k D\u00fcnya Engelliler G\u00fcn\u00fc kapsam\u0131nda Engelsiz Festivali d\u00fczenliyor. Festival 3 Aral\u0131k Cuma ve 4 Aral\u0131k Cumartesi G\u00fcn\u00fc Merkezefendi K\u00fclt\u00fcr Merkezi\u2019nde ger\u00e7ekle\u015ftirilecek. Festivalin ilk g\u00fcn\u00fcnde saat 10.00\u2019da festival korteji, 11.30\u2019da a\u00e7\u0131l\u0131\u015f, 12.30\u2019da engelli spor kul\u00fcplerine malzeme da\u011f\u0131t\u0131m\u0131, saat 15.30\u2019da engelsiz sporcular\u0131n g\u00f6sterileri ve saat 20.00\u2019de Erman Eran\u0131l\u2019\u0131n sergiledi\u011fi stand-up g\u00f6sterisi olacak. Festivalin ikinci g\u00fcn\u00fcnde ise saat 14.00\u2019te engelsiz tiyatro g\u00f6sterisi, saat 15.30\u2019da Olimpiyat \u015eampiyonlar\u0131 \u015eeydanur Kaplan ve Berfin Altan\u2019\u0131n s\u00f6yle\u015fisi ve saat 17.00\u2019de Ozan Ozanca konseri olacak. Festival s\u00fcresince g\u00fcn boyu stantlar, workshoplar, animasyonlar, yar\u0131\u015fmalar ve s\u00fcrpriz etkinlikler ger\u00e7ekle\u015ftirilecek. \u201cT\u00dcM HEM\u015eEHR\u0130LER\u0130M\u0130Z\u0130 BEKL\u0130YORUZ&#8221; \u00d6zel bireylerin ve ailelerinin her zaman yan\u0131nda olduklar\u0131n\u0131 belirten Belediye Ba\u015fkan\u0131 \u015eeniz Do\u011fan, \u201cMerkezefendi Belediyesi olarak, engelsiz bir Merkezefendi i\u00e7in \u00e7al\u0131\u015f\u0131yoruz ve \u00e7al\u0131\u015fmaya devam edece\u011fiz. \u00d6zel bireylerin hayata e\u015fit kat\u0131l\u0131m\u0131 i\u00e7in il\u00e7emizi geli\u015ftirmeye, eri\u015filebilir bir hale getirmeye b\u00fcy\u00fck \u00f6nem veriyoruz. Engelsiz Ya\u015fam Akademimizde e\u011fitim g\u00f6ren \u00f6zel bireylerimizin sosyalle\u015fmesi, kendini geli\u015ftirmesi ve hayata kat\u0131lmas\u0131 i\u00e7in bir\u00e7ok faaliyet ger\u00e7ekle\u015ftiriyoruz, onlar\u0131n her zaman yan\u0131nda oluyoruz. Merkezefendi Belediyesi olarak 3 Aral\u0131k D\u00fcnya Engelliler G\u00fcn\u00fc kapsam\u0131nda Engelsiz Festivali d\u00fczenleyece\u011fiz. \u0130ki g\u00fcn s\u00fcrecek ve birbirinden g\u00fczel ve keyifli etkinliklerin yer ald\u0131\u011f\u0131 festivalimize t\u00fcm hem\u015fehrilerimizi bekliyoruz\u201d diye konu\u015ftu.<\/p>\n","protected":false},"excerpt":{"rendered":"<p>Merkezefendi Belediyesi, 3 Aral\u0131k D\u00fcnya Engelliler G\u00fcn\u00fc kapsam\u0131nda Engelsiz Festivali d\u00fczenliyor. Festival 3 Aral\u0131k Cuma ve 4 Aral\u0131k Cumartesi G\u00fcn\u00fc Merkezefendi K\u00fclt\u00fcr Merkezi\u2019nde ger\u00e7ekle\u015ftirilecek. Festivalin ilk g\u00fcn\u00fcnde saat 10.00\u2019da festival korteji, 11.30\u2019da a\u00e7\u0131l\u0131\u015f, 12.30\u2019da engelli spor kul\u00fcplerine malzeme da\u011f\u0131t\u0131m\u0131, saat 15.30\u2019da engelsiz sporcular\u0131n g\u00f6sterileri ve saat 20.00\u2019de Erman Eran\u0131l\u2019\u0131n sergiledi\u011fi stand-up g\u00f6sterisi olacak. Festivalin ikinci [&hellip;]<\/p>\n","protected":false},"author":1,"featured_media":0,"comment_status":"open","ping_status":"open","sticky":false,"template":"","format":"standard","meta":{"om_disable_all_campaigns":false,"_monsterinsights_skip_tracking":false,"_monsterinsights_sitenote_active":false,"_monsterinsights_sitenote_note":"","_monsterinsights_sitenote_category":0,"footnotes":""},"categories":[1],"tags":[],"aioseo_notices":[],"_links":{"self":[{"href":"https:\/\/www.denizliviphaber.com\/index.php\/wp-json\/wp\/v2\/posts\/3438"}],"collection":[{"href":"https:\/\/www.denizliviphaber.com\/index.php\/wp-json\/wp\/v2\/posts"}],"about":[{"href":"https:\/\/www.denizliviphaber.com\/index.php\/wp-json\/wp\/v2\/types\/post"}],"author":[{"embeddable":true,"href":"https:\/\/www.denizliviphaber.com\/index.php\/wp-json\/wp\/v2\/users\/1"}],"replies":[{"embeddable":true,"href":"https:\/\/www.denizliviphaber.com\/index.php\/wp-json\/wp\/v2\/comments?post=3438"}],"version-history":[{"count":1,"href":"https:\/\/www.denizliviphaber.com\/index.php\/wp-json\/wp\/v2\/posts\/3438\/revisions"}],"predecessor-version":[{"id":3440,"href":"https:\/\/www.denizliviphaber.com\/index.php\/wp-json\/wp\/v2\/posts\/3438\/revisions\/3440"}],"wp:attachment":[{"href":"https:\/\/www.denizliviphaber.com\/index.php\/wp-json\/wp\/v2\/media?parent=3438"}],"wp:term":[{"taxonomy":"category","embeddable":true,"href":"https:\/\/www.denizliviphaber.com\/index.php\/wp-json\/wp\/v2\/categories?post=3438"},{"taxonomy":"post_tag","embeddable":true,"href":"https:\/\/www.denizliviphaber.com\/index.php\/wp-json\/wp\/v2\/tags?post=3438"}],"curies":[{"name":"wp","href":"https:\/\/api.w.org\/{rel}","templated":true}]}}