{"id":3381,"date":"2021-09-28T18:26:32","date_gmt":"2021-09-28T15:26:32","guid":{"rendered":"http:\/\/www.denizliviphaber.com\/?p=3381"},"modified":"2021-09-28T18:26:34","modified_gmt":"2021-09-28T15:26:34","slug":"genclik-kollari-baskanimizin-tutuklanmasi-akla-ahlaka-vicdana-ve-adaletin-namusuna-leke-dusurmustur","status":"publish","type":"post","link":"https:\/\/www.denizliviphaber.com\/index.php\/2021\/09\/28\/genclik-kollari-baskanimizin-tutuklanmasi-akla-ahlaka-vicdana-ve-adaletin-namusuna-leke-dusurmustur\/","title":{"rendered":"Gen\u00e7lik Kollar\u0131 Ba\u015fkan\u0131m\u0131z\u0131n tutuklanmas\u0131 akla, ahlaka, vicdana ve adaletin namusuna leke d\u00fc\u015f\u00fcrm\u00fc\u015ft\u00fcr."},"content":{"rendered":"\n<figure class=\"wp-block-image size-large\"><img decoding=\"async\" loading=\"lazy\" width=\"637\" height=\"332\" src=\"https:\/\/www.denizliviphaber.com\/wp-content\/uploads\/2021\/09\/Untitled-1-2.jpg\" alt=\"\" class=\"wp-image-3382\" srcset=\"https:\/\/www.denizliviphaber.com\/wp-content\/uploads\/2021\/09\/Untitled-1-2.jpg 637w, https:\/\/www.denizliviphaber.com\/wp-content\/uploads\/2021\/09\/Untitled-1-2-300x156.jpg 300w\" sizes=\"(max-width: 637px) 100vw, 637px\" \/><\/figure>\n\n\n\n<p><\/p>\n\n\n\n<p>Bu g\u00fcn bir ac\u0131 olay daha ya\u015fad\u0131k ki yarg\u0131n\u0131n siyasalla\u015ft\u0131\u011f\u0131n\u0131, art\u0131k hi\u00e7bir hakim ve savc\u0131n\u0131n \u00f6zg\u00fcrce karar vermedi\u011fi bir g\u00fcnden ge\u00e7iyoruz. Kendisi her t\u00fcrl\u00fc hakareti ederken, insanlara her t\u00fcrl\u00fc \u015feyi s\u00f6ylemeyi kendine reva g\u00f6renlerin; en ufak ele\u015ftiriye bile tahamm\u00fcl\u00fc kalmam\u0131\u015f. Nereden elde edildi\u011fi belli olmayan, ses kay\u0131tlar\u0131yla g\u00f6r\u00fcnt\u00fcn\u00fcn uyu\u015fmad\u0131\u011f\u0131, yasad\u0131\u015f\u0131 montaj olarak elde edilmi\u015f bir delile dayanarak hukuksuz bir \u015fekilde hak, hukuk ve adalet m\u00fccadelesinin bu kadar y\u00fckseldi\u011fi bir yerde, Gen\u00e7lik Kollar\u0131 Ba\u015fkan\u0131m\u0131z\u0131n tutuklanmas\u0131 akla, ahlaka, vicdana ve adaletin namusuna leke d\u00fc\u015f\u00fcrm\u00fc\u015ft\u00fcr. Bu karar\u0131 verenler, d\u00fcn FET\u00d6\u2019nun karar\u0131n\u0131 verenler gibi, FET\u00d6\u2019n\u00fcn hakim ve savc\u0131lar\u0131 gibi verdikleri bu karar\u0131n alt\u0131nda kalacaklard\u0131r. Gezi olaylar\u0131 hepimizin de malumudur. Gezi olaylar\u0131nda d\u00f6nemin Ba\u015fbakan\u0131 Recep Tayyip Erdo\u011fan demi\u015ftir ki \u2018talimatlar\u0131 ben verdim.\u2019 Maalesef, gezi olaylar\u0131ndan bu g\u00fcne kadar bu i\u015fin sorumlular\u0131 tespit edilmemi\u015f ve mahkeme \u00f6n\u00fcne \u00e7\u0131kar\u0131lmam\u0131\u015ft\u0131r. A\u0130HM kararlar\u0131nda da a\u00e7\u0131k\u00e7a belli oldu\u011fu \u00fczere iktidar sahipleri ve iktidar partileri siyasi partilerin ba\u015fkanlar\u0131 a\u011f\u0131r ele\u015ftirilere tahamm\u00fcl etmelilerdir. \u00c7\u00fcnk\u00fc bizler, siyasi birer fig\u00fcr\u00fcz. Bu anlamda siyasalla\u015fan bu yarg\u0131y\u0131, iktidar\u0131n vermi\u015f oldu\u011fu sopay\u0131 \u00fcst\u00fcm\u00fczde sallayanlara inat bir kez daha s\u00f6yl\u00fcyoruz: Tugay Ba\u015fkan, yaln\u0131z y\u00fcr\u00fcmeyeceksin\u2026<a href=\"https:\/\/www.facebook.com\/bulent.n.cavusoglu?__cft__[0]=AZWoh9f1cUXvv9s6aXIhp33GPOB4kUX-l5SPjqWdCPIgxwSmDxUZJqwXE3DVJvJW6mj1A9D6fJ01R8zucEspgNDd60GMEq9aSLw7OOL9QSHLPMNFyPInz89d3TneOH6PUIumazvukP-LnEWmhxxzsGH03RvOTaNaJCuVZfqfzJNVEQ&amp;__tn__=-]K-y-R\">B\u00fclent Nuri \u00c7avu\u015fo\u011flu<\/a><\/p>\n\n\n\n<figure class=\"wp-block-embed is-type-video is-provider-youtube wp-block-embed-youtube wp-embed-aspect-16-9 wp-has-aspect-ratio\"><div class=\"wp-block-embed__wrapper\">\n<iframe loading=\"lazy\" title=\"Tugay Odaba\u015f\u0131o\u011flu yaln\u0131z de\u011fildir\" width=\"500\" height=\"281\" src=\"https:\/\/www.youtube.com\/embed\/pmlE8hf7wao?feature=oembed\" frameborder=\"0\" allow=\"accelerometer; autoplay; clipboard-write; encrypted-media; gyroscope; picture-in-picture\" allowfullscreen><\/iframe>\n<\/div><\/figure>\n","protected":false},"excerpt":{"rendered":"<p>Bu g\u00fcn bir ac\u0131 olay daha ya\u015fad\u0131k ki yarg\u0131n\u0131n siyasalla\u015ft\u0131\u011f\u0131n\u0131, art\u0131k hi\u00e7bir hakim ve savc\u0131n\u0131n \u00f6zg\u00fcrce karar vermedi\u011fi bir g\u00fcnden ge\u00e7iyoruz. Kendisi her t\u00fcrl\u00fc hakareti ederken, insanlara her t\u00fcrl\u00fc \u015feyi s\u00f6ylemeyi kendine reva g\u00f6renlerin; en ufak ele\u015ftiriye bile tahamm\u00fcl\u00fc kalmam\u0131\u015f. Nereden elde edildi\u011fi belli olmayan, ses kay\u0131tlar\u0131yla g\u00f6r\u00fcnt\u00fcn\u00fcn uyu\u015fmad\u0131\u011f\u0131, yasad\u0131\u015f\u0131 montaj olarak elde edilmi\u015f bir [&hellip;]<\/p>\n","protected":false},"author":1,"featured_media":0,"comment_status":"open","ping_status":"open","sticky":false,"template":"","format":"standard","meta":{"om_disable_all_campaigns":false,"_monsterinsights_skip_tracking":false,"_monsterinsights_sitenote_active":false,"_monsterinsights_sitenote_note":"","_monsterinsights_sitenote_category":0,"footnotes":""},"categories":[1],"tags":[],"aioseo_notices":[],"_links":{"self":[{"href":"https:\/\/www.denizliviphaber.com\/index.php\/wp-json\/wp\/v2\/posts\/3381"}],"collection":[{"href":"https:\/\/www.denizliviphaber.com\/index.php\/wp-json\/wp\/v2\/posts"}],"about":[{"href":"https:\/\/www.denizliviphaber.com\/index.php\/wp-json\/wp\/v2\/types\/post"}],"author":[{"embeddable":true,"href":"https:\/\/www.denizliviphaber.com\/index.php\/wp-json\/wp\/v2\/users\/1"}],"replies":[{"embeddable":true,"href":"https:\/\/www.denizliviphaber.com\/index.php\/wp-json\/wp\/v2\/comments?post=3381"}],"version-history":[{"count":1,"href":"https:\/\/www.denizliviphaber.com\/index.php\/wp-json\/wp\/v2\/posts\/3381\/revisions"}],"predecessor-version":[{"id":3383,"href":"https:\/\/www.denizliviphaber.com\/index.php\/wp-json\/wp\/v2\/posts\/3381\/revisions\/3383"}],"wp:attachment":[{"href":"https:\/\/www.denizliviphaber.com\/index.php\/wp-json\/wp\/v2\/media?parent=3381"}],"wp:term":[{"taxonomy":"category","embeddable":true,"href":"https:\/\/www.denizliviphaber.com\/index.php\/wp-json\/wp\/v2\/categories?post=3381"},{"taxonomy":"post_tag","embeddable":true,"href":"https:\/\/www.denizliviphaber.com\/index.php\/wp-json\/wp\/v2\/tags?post=3381"}],"curies":[{"name":"wp","href":"https:\/\/api.w.org\/{rel}","templated":true}]}}