{"id":3159,"date":"2021-07-12T10:14:23","date_gmt":"2021-07-12T07:14:23","guid":{"rendered":"http:\/\/www.denizliviphaber.com\/?p=3159"},"modified":"2021-07-12T10:14:24","modified_gmt":"2021-07-12T07:14:24","slug":"denizlide-is-kazasi-1-olu","status":"publish","type":"post","link":"https:\/\/www.denizliviphaber.com\/index.php\/2021\/07\/12\/denizlide-is-kazasi-1-olu\/","title":{"rendered":"Denizli&#8217;de \u0130\u015f Kazas\u0131 1 \u00d6l\u00fc!!"},"content":{"rendered":"\n<h2 class=\"wp-block-heading\">Denizli&#8217;nin Ac\u0131payam il\u00e7esi G\u00f6lc\u00fck mahallesinde gece saatlerinde trakt\u00f6r paket makinas\u0131yla, tarlada samanlar\u0131 paket yapt\u0131ktan sonra makina \u00e7al\u0131\u015f\u0131rken temizlemeye \u00e7al\u0131\u015fan \u00d6mer \u00c7a\u011f (50)&nbsp;elini paketleme makinas\u0131na kapt\u0131rd\u0131. \u00c7a\u011f olay yerinde hayat\u0131n\u0131 kaybetti.<\/h2>\n\n\n\n<figure class=\"wp-block-image size-large\"><img decoding=\"async\" loading=\"lazy\" width=\"718\" height=\"374\" src=\"https:\/\/www.denizliviphaber.com\/wp-content\/uploads\/2021\/07\/denizli-is-kazasi-denizli-haberleri.jpg\" alt=\"\" class=\"wp-image-3160\" srcset=\"https:\/\/www.denizliviphaber.com\/wp-content\/uploads\/2021\/07\/denizli-is-kazasi-denizli-haberleri.jpg 718w, https:\/\/www.denizliviphaber.com\/wp-content\/uploads\/2021\/07\/denizli-is-kazasi-denizli-haberleri-300x156.jpg 300w\" sizes=\"(max-width: 718px) 100vw, 718px\" \/><\/figure>\n\n\n\n<p><strong>Denizli<\/strong>&#8216;nin Ac\u0131payam il\u00e7esi G\u00f6lc\u00fck mahallesinde tarlada paketleme makinesiyle saman paketledikten sonra makineyi temizlemeye \u00e7al\u0131\u015fan 50 ya\u015f\u0131ndaki \u00d6mer \u00c7a\u011f elini makineye kapt\u0131rd\u0131.&nbsp;<\/p>\n\n\n\n<p>Yak\u0131nlar\u0131 \u00d6mer \u00c7a\u011f&#8217;\u0131 merak edip telefonla arad\u0131klar\u0131nda cevap alamay\u0131nca olay yerine gittiler. G\u00f6rd\u00fckleri manzara kar\u015f\u0131nda \u015fa\u015fk\u0131na d\u00f6nen yak\u0131nlar\u0131 emniyet g\u00fc\u00e7lerine ve sa\u011fl\u0131k ekiplerine haber verdi.&nbsp;<\/p>\n\n\n\n<p>Elini makineye kapt\u0131ran \u00d6mer \u00c7a\u011f&#8217;\u0131n olay yerinde&nbsp;kan kayb\u0131ndan hayat\u0131n\u0131 kaybetti\u011fi belirtildi.&nbsp;<\/p>\n\n\n\n<p>Jandarma \u0130\u015f Kazas\u0131yla \u0130lgili Soru\u015fturma Ba\u015flatt\u0131.<\/p>\n","protected":false},"excerpt":{"rendered":"<p>Denizli&#8217;nin Ac\u0131payam il\u00e7esi G\u00f6lc\u00fck mahallesinde gece saatlerinde trakt\u00f6r paket makinas\u0131yla, tarlada samanlar\u0131 paket yapt\u0131ktan sonra makina \u00e7al\u0131\u015f\u0131rken temizlemeye \u00e7al\u0131\u015fan \u00d6mer \u00c7a\u011f (50)&nbsp;elini paketleme makinas\u0131na kapt\u0131rd\u0131. \u00c7a\u011f olay yerinde hayat\u0131n\u0131 kaybetti. Denizli&#8216;nin Ac\u0131payam il\u00e7esi G\u00f6lc\u00fck mahallesinde tarlada paketleme makinesiyle saman paketledikten sonra makineyi temizlemeye \u00e7al\u0131\u015fan 50 ya\u015f\u0131ndaki \u00d6mer \u00c7a\u011f elini makineye kapt\u0131rd\u0131.&nbsp; Yak\u0131nlar\u0131 \u00d6mer \u00c7a\u011f&#8217;\u0131 merak [&hellip;]<\/p>\n","protected":false},"author":1,"featured_media":0,"comment_status":"open","ping_status":"open","sticky":false,"template":"","format":"standard","meta":{"om_disable_all_campaigns":false,"_monsterinsights_skip_tracking":false,"_monsterinsights_sitenote_active":false,"_monsterinsights_sitenote_note":"","_monsterinsights_sitenote_category":0,"footnotes":""},"categories":[1],"tags":[],"aioseo_notices":[],"_links":{"self":[{"href":"https:\/\/www.denizliviphaber.com\/index.php\/wp-json\/wp\/v2\/posts\/3159"}],"collection":[{"href":"https:\/\/www.denizliviphaber.com\/index.php\/wp-json\/wp\/v2\/posts"}],"about":[{"href":"https:\/\/www.denizliviphaber.com\/index.php\/wp-json\/wp\/v2\/types\/post"}],"author":[{"embeddable":true,"href":"https:\/\/www.denizliviphaber.com\/index.php\/wp-json\/wp\/v2\/users\/1"}],"replies":[{"embeddable":true,"href":"https:\/\/www.denizliviphaber.com\/index.php\/wp-json\/wp\/v2\/comments?post=3159"}],"version-history":[{"count":1,"href":"https:\/\/www.denizliviphaber.com\/index.php\/wp-json\/wp\/v2\/posts\/3159\/revisions"}],"predecessor-version":[{"id":3161,"href":"https:\/\/www.denizliviphaber.com\/index.php\/wp-json\/wp\/v2\/posts\/3159\/revisions\/3161"}],"wp:attachment":[{"href":"https:\/\/www.denizliviphaber.com\/index.php\/wp-json\/wp\/v2\/media?parent=3159"}],"wp:term":[{"taxonomy":"category","embeddable":true,"href":"https:\/\/www.denizliviphaber.com\/index.php\/wp-json\/wp\/v2\/categories?post=3159"},{"taxonomy":"post_tag","embeddable":true,"href":"https:\/\/www.denizliviphaber.com\/index.php\/wp-json\/wp\/v2\/tags?post=3159"}],"curies":[{"name":"wp","href":"https:\/\/api.w.org\/{rel}","templated":true}]}}