{"id":3040,"date":"2021-06-07T11:24:59","date_gmt":"2021-06-07T08:24:59","guid":{"rendered":"http:\/\/www.denizliviphaber.com\/?p=3040"},"modified":"2021-06-07T11:25:00","modified_gmt":"2021-06-07T08:25:00","slug":"denizlide-trafik-kazasi-2-yarali","status":"publish","type":"post","link":"https:\/\/www.denizliviphaber.com\/index.php\/2021\/06\/07\/denizlide-trafik-kazasi-2-yarali\/","title":{"rendered":"Denizli&#8217;de Trafik Kazas\u0131 2 Yaral\u0131!!"},"content":{"rendered":"\n<h2 class=\"wp-block-heading\">Ac\u0131payam-Denizli karayolunda meydana gelen trafik kazas\u0131nda 2&nbsp;ki\u015fi yaraland\u0131.<\/h2>\n\n\n\n<figure class=\"wp-block-image size-large\"><img decoding=\"async\" loading=\"lazy\" width=\"718\" height=\"374\" src=\"https:\/\/www.denizliviphaber.com\/wp-content\/uploads\/2021\/06\/kaza-denizli-haberleri_1.jpg\" alt=\"\" class=\"wp-image-3041\" srcset=\"https:\/\/www.denizliviphaber.com\/wp-content\/uploads\/2021\/06\/kaza-denizli-haberleri_1.jpg 718w, https:\/\/www.denizliviphaber.com\/wp-content\/uploads\/2021\/06\/kaza-denizli-haberleri_1-300x156.jpg 300w\" sizes=\"(max-width: 718px) 100vw, 718px\" \/><\/figure>\n\n\n\n<p>Edinilen bilgilere g\u00f6re, Ac\u0131payam y\u00f6n\u00fcnden\u00a0<strong>Denizli<\/strong>\u00a0istikametine ilerleyen 35 HC 0568 plakal\u0131 otomobil Yass\u0131h\u00fcy\u00fck Mahallesi\u00a0<strong>kazan fabrikas\u0131<\/strong>\u00a0mevkisinde kontrolden \u00e7\u0131kt\u0131.<br>Kontrolden \u00e7\u0131kan otomobil savrularak takla att\u0131 ve tarlaya u\u00e7tu. Meydana gelen kazada ara\u00e7 i\u00e7inde bulunan 2\u00a0ki\u015fi yaraland\u0131.<br><strong>Yaral\u0131<\/strong>lar hastaneye kald\u0131r\u0131l\u0131rken kazayla ilgili soru\u015fturma ba\u015flat\u0131ld\u0131.<\/p>\n","protected":false},"excerpt":{"rendered":"<p>Ac\u0131payam-Denizli karayolunda meydana gelen trafik kazas\u0131nda 2&nbsp;ki\u015fi yaraland\u0131. Edinilen bilgilere g\u00f6re, Ac\u0131payam y\u00f6n\u00fcnden\u00a0Denizli\u00a0istikametine ilerleyen 35 HC 0568 plakal\u0131 otomobil Yass\u0131h\u00fcy\u00fck Mahallesi\u00a0kazan fabrikas\u0131\u00a0mevkisinde kontrolden \u00e7\u0131kt\u0131.Kontrolden \u00e7\u0131kan otomobil savrularak takla att\u0131 ve tarlaya u\u00e7tu. Meydana gelen kazada ara\u00e7 i\u00e7inde bulunan 2\u00a0ki\u015fi yaraland\u0131.Yaral\u0131lar hastaneye kald\u0131r\u0131l\u0131rken kazayla ilgili soru\u015fturma ba\u015flat\u0131ld\u0131.<\/p>\n","protected":false},"author":1,"featured_media":0,"comment_status":"open","ping_status":"open","sticky":false,"template":"","format":"standard","meta":{"om_disable_all_campaigns":false,"_monsterinsights_skip_tracking":false,"_monsterinsights_sitenote_active":false,"_monsterinsights_sitenote_note":"","_monsterinsights_sitenote_category":0,"footnotes":""},"categories":[1],"tags":[],"aioseo_notices":[],"_links":{"self":[{"href":"https:\/\/www.denizliviphaber.com\/index.php\/wp-json\/wp\/v2\/posts\/3040"}],"collection":[{"href":"https:\/\/www.denizliviphaber.com\/index.php\/wp-json\/wp\/v2\/posts"}],"about":[{"href":"https:\/\/www.denizliviphaber.com\/index.php\/wp-json\/wp\/v2\/types\/post"}],"author":[{"embeddable":true,"href":"https:\/\/www.denizliviphaber.com\/index.php\/wp-json\/wp\/v2\/users\/1"}],"replies":[{"embeddable":true,"href":"https:\/\/www.denizliviphaber.com\/index.php\/wp-json\/wp\/v2\/comments?post=3040"}],"version-history":[{"count":1,"href":"https:\/\/www.denizliviphaber.com\/index.php\/wp-json\/wp\/v2\/posts\/3040\/revisions"}],"predecessor-version":[{"id":3042,"href":"https:\/\/www.denizliviphaber.com\/index.php\/wp-json\/wp\/v2\/posts\/3040\/revisions\/3042"}],"wp:attachment":[{"href":"https:\/\/www.denizliviphaber.com\/index.php\/wp-json\/wp\/v2\/media?parent=3040"}],"wp:term":[{"taxonomy":"category","embeddable":true,"href":"https:\/\/www.denizliviphaber.com\/index.php\/wp-json\/wp\/v2\/categories?post=3040"},{"taxonomy":"post_tag","embeddable":true,"href":"https:\/\/www.denizliviphaber.com\/index.php\/wp-json\/wp\/v2\/tags?post=3040"}],"curies":[{"name":"wp","href":"https:\/\/api.w.org\/{rel}","templated":true}]}}