{"id":2409,"date":"2021-03-15T17:00:31","date_gmt":"2021-03-15T14:00:31","guid":{"rendered":"http:\/\/www.denizliviphaber.com\/?p=2409"},"modified":"2021-03-15T17:00:33","modified_gmt":"2021-03-15T14:00:33","slug":"denizlide-uyusturucu-operasyonu-34-gozalti","status":"publish","type":"post","link":"https:\/\/www.denizliviphaber.com\/index.php\/2021\/03\/15\/denizlide-uyusturucu-operasyonu-34-gozalti\/","title":{"rendered":"Denizli\u2019de Uyu\u015fturucu Operasyonu: 34 G\u00f6zalt\u0131"},"content":{"rendered":"\n<h2 class=\"wp-block-heading\">Denizli Emniyet M\u00fcd\u00fcrl\u00fc\u011f\u00fc taraf\u0131ndan uyu\u015fturucu su\u00e7lar\u0131 kapsam\u0131nda operasyonlar ger\u00e7ekle\u015ftirildi. Operasyonlarda 34 \u015fah\u0131s g\u00f6zalt\u0131na al\u0131nd\u0131. Bunlardan 12\u2019si tutukland\u0131.<\/h2>\n\n\n\n<figure class=\"wp-block-image size-large\"><img decoding=\"async\" loading=\"lazy\" width=\"718\" height=\"374\" src=\"https:\/\/www.denizliviphaber.com\/wp-content\/uploads\/2021\/03\/OPERAS_2.jpg\" alt=\"\" class=\"wp-image-2410\" srcset=\"https:\/\/www.denizliviphaber.com\/wp-content\/uploads\/2021\/03\/OPERAS_2.jpg 718w, https:\/\/www.denizliviphaber.com\/wp-content\/uploads\/2021\/03\/OPERAS_2-300x156.jpg 300w\" sizes=\"(max-width: 718px) 100vw, 718px\" \/><\/figure>\n\n\n\n<p>Denizli\u2019de 8 \u2013 14 Mart tarihleri aras\u0131nda yap\u0131lan \u00e7al\u0131\u015fmalar neticesinde; \u00e7evre illerden Denizli\u2019ye farkl\u0131 ara\u00e7lar ile y\u00fckl\u00fc miktarda uyu\u015fturucu madde sevk edilece\u011fi bilgisi al\u0131nmas\u0131 \u00fczerine ger\u00e7ekle\u015ftirilen 2 ayr\u0131&nbsp;<strong>operasyon<\/strong>lar neticesinde; takibe al\u0131nan ara\u00e7lar &nbsp;Denizli s\u0131n\u0131rlar\u0131na girdi\u011fi anda durduruldu. Ara\u00e7lar i\u00e7erisinde bulunan 2\u2018si yabanc\u0131 uyruklu olmak \u00fczere toplam 6 \u015f\u00fcpheli \u015fah\u0131s yakaland\u0131.<\/p>\n\n\n\n<p>\u015eah\u0131slar\u0131n \u00fczerinde ve ara\u00e7larda yap\u0131lan aramalarda; arac\u0131n \u00f6n cam silece\u011fi alt k\u0131sm\u0131nda bulunan siyah plastik b\u00f6lmenin i\u00e7erisine zulalanm\u0131\u015f vaziyette bir po\u015fet i\u00e7erisinde 518 adet sentetik ecza hap maddesi ile \u015f\u00fcphelilerin \u00fczerlerinde \u00a06 po\u015fet halinde toplam 102 gram metamfetamin maddesi ve \u00a05 gram esrar maddesi ele ge\u00e7irildi.<\/p>\n\n\n\n<p>Olaylarda toplamda yakalanan 6 \u015f\u00fcpheli \u015fah\u0131stan 4 \u015f\u00fcpheli \u015fah\u0131s \u00e7\u0131kart\u0131ld\u0131klar\u0131 adli makamlarca tutukland\u0131.<\/p>\n\n\n\n<figure class=\"wp-block-image\"><img decoding=\"async\" src=\"https:\/\/www.haberdenizli.com\/images\/upload\/NARKOT%C4%B0K-RES%C4%B0M-1_3.jpg\" alt=\"Denizli\u2019de Uyu\u015fturucu Operayonu: 34 G\u00f6zalt\u0131\"\/><\/figure>\n\n\n\n<h3 class=\"wp-block-heading\"><strong>OTOGARDA UYU\u015eTURUCU OPERASYONU<\/strong><\/h3>\n\n\n\n<p>Yine \u00e7evre illerden Denizli\u2019ye otob\u00fcsle y\u00fckl\u00fc miktarda uyu\u015fturucu madde getirilece\u011fi y\u00f6n\u00fcnde istihbari bilgiler \u00fczerine y\u00fcr\u00fct\u00fclen \u00e7al\u0131\u015fmalar kapsam\u0131nda; \u015e\u00fcphelilerin geldikleri otob\u00fcs Denizli s\u0131n\u0131rlar\u0131na girdi\u011fi anda takibe al\u0131nm\u0131\u015f, otogarda d\u00fczenlenen operasyonda; 3 \u015f\u00fcpheli \u015fah\u0131s yakaland\u0131. \u015e\u00fcphelilerin \u00fczerinde ve e\u015fyalar\u0131nda yap\u0131lan aramalarda; 3 po\u015fet halinde 78 gram eroin, 77 gram eroin maddesi ve 17 gram metamfetamin maddesi ele ge\u00e7irildi.<\/p>\n\n\n\n<p>Yakalanan 3 \u015f\u00fcpheli \u015fah\u0131stan 2 \u015f\u00fcpheli \u015fah\u0131s \u00e7\u0131kart\u0131ld\u0131klar\u0131 adli makamlarca tutukland\u0131.<\/p>\n\n\n\n<figure class=\"wp-block-image\"><img decoding=\"async\" src=\"https:\/\/www.haberdenizli.com\/images\/upload\/NARKOT%C4%B0K-RES%C4%B0M-2_3.jpg\" alt=\"Denizli\u2019de Uyu\u015fturucu Operayonu: 34 G\u00f6zalt\u0131\"\/><\/figure>\n\n\n\n<h3 class=\"wp-block-heading\"><strong>12 \u015eAHIS TUTUKLANDI<\/strong><\/h3>\n\n\n\n<p>Denizli genelinde 8 \u2013 14 Mart tarihleri aras\u0131nda uyu\u015fturucu madde ticareti yapt\u0131\u011f\u0131 tespit edilen \u015fah\u0131slar\u0131n yakalanmas\u0131na y\u00f6nelik ger\u00e7ekle\u015ftirilen 11 ayr\u0131 operasyonlarda toplam 34 \u015f\u00fcpheli \u015fah\u0131s yakaland\u0131. Haklar\u0131nda uyu\u015fturucu madde ticareti yapmak su\u00e7undan adli makamlara sevk edilen toplam 12 \u015f\u00fcpheli \u015fah\u0131s tutuklanarak cezaevine g\u00f6nderildi.<\/p>\n\n\n\n<figure class=\"wp-block-image\"><img decoding=\"async\" src=\"https:\/\/www.haberdenizli.com\/images\/upload\/NARKOT%C4%B0K-RES%C4%B0M-3_3.jpg\" alt=\"Denizli\u2019de Uyu\u015fturucu Operayonu: 34 G\u00f6zalt\u0131\"\/><\/figure>\n\n\n\n<h3 class=\"wp-block-heading\"><strong>ELE GE\u00c7\u0130R\u0130LEN MALZEMELER<\/strong><\/h3>\n\n\n\n<p>Yap\u0131lan operasyon ve aramalarda;657 gram metamfetamin maddesi, 156 gram eroin maddesi, 610 adet sentetik ecza hap maddesi, 6 adet ecstasy hap, 2 bin 600 gram esrar maddesi, 33 birim sentetik kannabinoid maddesi, 1 ruhsats\u0131z tabanca ele ge\u00e7irildi.<\/p>\n\n\n\n<figure class=\"wp-block-image\"><img decoding=\"async\" src=\"https:\/\/www.haberdenizli.com\/images\/upload\/NARKOT%C4%B0K-RES%C4%B0M-4_3.jpg\" alt=\"Denizli\u2019de Uyu\u015fturucu Operayonu: 34 G\u00f6zalt\u0131\"\/><\/figure>\n\n\n\n<figure class=\"wp-block-image\"><img decoding=\"async\" src=\"https:\/\/www.haberdenizli.com\/images\/upload\/NARKOT%C4%B0K-RES%C4%B0M-5_3.jpg\" alt=\"Denizli\u2019de Uyu\u015fturucu Operayonu: 34 G\u00f6zalt\u0131\"\/><\/figure>\n\n\n\n<figure class=\"wp-block-image\"><img decoding=\"async\" src=\"https:\/\/www.haberdenizli.com\/images\/upload\/NARKOT%C4%B0K-RES%C4%B0M-6_2.jpg\" alt=\"Denizli\u2019de Uyu\u015fturucu Operayonu: 34 G\u00f6zalt\u0131\"\/><\/figure>\n","protected":false},"excerpt":{"rendered":"<p>Denizli Emniyet M\u00fcd\u00fcrl\u00fc\u011f\u00fc taraf\u0131ndan uyu\u015fturucu su\u00e7lar\u0131 kapsam\u0131nda operasyonlar ger\u00e7ekle\u015ftirildi. Operasyonlarda 34 \u015fah\u0131s g\u00f6zalt\u0131na al\u0131nd\u0131. Bunlardan 12\u2019si tutukland\u0131. Denizli\u2019de 8 \u2013 14 Mart tarihleri aras\u0131nda yap\u0131lan \u00e7al\u0131\u015fmalar neticesinde; \u00e7evre illerden Denizli\u2019ye farkl\u0131 ara\u00e7lar ile y\u00fckl\u00fc miktarda uyu\u015fturucu madde sevk edilece\u011fi bilgisi al\u0131nmas\u0131 \u00fczerine ger\u00e7ekle\u015ftirilen 2 ayr\u0131&nbsp;operasyonlar neticesinde; takibe al\u0131nan ara\u00e7lar &nbsp;Denizli s\u0131n\u0131rlar\u0131na girdi\u011fi anda durduruldu. Ara\u00e7lar [&hellip;]<\/p>\n","protected":false},"author":1,"featured_media":0,"comment_status":"open","ping_status":"open","sticky":false,"template":"","format":"standard","meta":{"om_disable_all_campaigns":false,"_monsterinsights_skip_tracking":false,"_monsterinsights_sitenote_active":false,"_monsterinsights_sitenote_note":"","_monsterinsights_sitenote_category":0,"footnotes":""},"categories":[1],"tags":[],"aioseo_notices":[],"_links":{"self":[{"href":"https:\/\/www.denizliviphaber.com\/index.php\/wp-json\/wp\/v2\/posts\/2409"}],"collection":[{"href":"https:\/\/www.denizliviphaber.com\/index.php\/wp-json\/wp\/v2\/posts"}],"about":[{"href":"https:\/\/www.denizliviphaber.com\/index.php\/wp-json\/wp\/v2\/types\/post"}],"author":[{"embeddable":true,"href":"https:\/\/www.denizliviphaber.com\/index.php\/wp-json\/wp\/v2\/users\/1"}],"replies":[{"embeddable":true,"href":"https:\/\/www.denizliviphaber.com\/index.php\/wp-json\/wp\/v2\/comments?post=2409"}],"version-history":[{"count":1,"href":"https:\/\/www.denizliviphaber.com\/index.php\/wp-json\/wp\/v2\/posts\/2409\/revisions"}],"predecessor-version":[{"id":2411,"href":"https:\/\/www.denizliviphaber.com\/index.php\/wp-json\/wp\/v2\/posts\/2409\/revisions\/2411"}],"wp:attachment":[{"href":"https:\/\/www.denizliviphaber.com\/index.php\/wp-json\/wp\/v2\/media?parent=2409"}],"wp:term":[{"taxonomy":"category","embeddable":true,"href":"https:\/\/www.denizliviphaber.com\/index.php\/wp-json\/wp\/v2\/categories?post=2409"},{"taxonomy":"post_tag","embeddable":true,"href":"https:\/\/www.denizliviphaber.com\/index.php\/wp-json\/wp\/v2\/tags?post=2409"}],"curies":[{"name":"wp","href":"https:\/\/api.w.org\/{rel}","templated":true}]}}