{"id":2330,"date":"2021-03-03T13:45:34","date_gmt":"2021-03-03T10:45:34","guid":{"rendered":"http:\/\/www.denizliviphaber.com\/?p=2330"},"modified":"2021-03-03T13:45:36","modified_gmt":"2021-03-03T10:45:36","slug":"afad-baskani-etiz-afed-aninda-her-birey-ne-yapacagini-bilmeli","status":"publish","type":"post","link":"https:\/\/www.denizliviphaber.com\/index.php\/2021\/03\/03\/afad-baskani-etiz-afed-aninda-her-birey-ne-yapacagini-bilmeli\/","title":{"rendered":"AFAD Ba\u015fkan\u0131 Etiz, &#8220;Afed An\u0131nda Her Birey Ne Yapaca\u011f\u0131n\u0131 Bilmeli&#8221;"},"content":{"rendered":"\n<h2 class=\"wp-block-heading\">Afed ve Acil Durum Y\u00f6netim Ba\u015fkanl\u0131\u011f\u0131 (AFAD) Denizli il m\u00fcd\u00fcrl\u00fc\u011f\u00fc, Denizli&#8217;de g\u00f6rev yapan yerel ve ulusal medya temsilcileriyle bir araya geldi.<\/h2>\n\n\n\n<p><\/p>\n\n\n\n<figure class=\"wp-block-image size-large\"><img decoding=\"async\" loading=\"lazy\" width=\"718\" height=\"374\" src=\"https:\/\/www.denizliviphaber.com\/wp-content\/uploads\/2021\/03\/AFAD.jpg\" alt=\"\" class=\"wp-image-2331\" srcset=\"https:\/\/www.denizliviphaber.com\/wp-content\/uploads\/2021\/03\/AFAD.jpg 718w, https:\/\/www.denizliviphaber.com\/wp-content\/uploads\/2021\/03\/AFAD-300x156.jpg 300w\" sizes=\"(max-width: 718px) 100vw, 718px\" \/><\/figure>\n\n\n\n<p>Denizli Polisevi&#8217;nde ger\u00e7ekle\u015fen toplant\u0131ya&nbsp;<strong>Afed<\/strong>&nbsp;ve&nbsp;<strong>Acil Durum<\/strong>&nbsp;Y\u00f6netim Ba\u015fkanl\u0131\u011f\u0131 (<strong>AFAD<\/strong>) Denizli il m\u00fcd\u00fcr\u00fc Ali Etiz, m\u00fcd\u00fcr yard\u0131mc\u0131s\u0131 Do\u011fan Tuvan, Denizli Gazeteciler Cemiyeti Ba\u015fkan Yard\u0131mc\u0131s\u0131 Mesut G\u00fcler, Denizli Yeni Medya Yay\u0131nc\u0131lar\u0131 Derne\u011fi Ba\u015fkan\u0131 Serkan Urganc\u0131&#8217;n\u0131n kentte g\u00f6rev yapan bas\u0131n mensuplar\u0131 kat\u0131ld\u0131.&nbsp;<\/p>\n\n\n\n<p>AFAD Denizli \u0130l M\u00fcd\u00fcr\u00fc Ali Etiz, AFAD&#8217;\u0131n T\u00fcrkiye genelinde \u00e7ok iyi yap\u0131land\u0131\u011f\u0131n\u0131, ba\u015fta depremler olmak \u00fczere, kay\u0131p olaylar\u0131nda, sel felaketlerinde \u00fczerlerine d\u00fc\u015fen g\u00f6revi en iyi \u015fekilde yapmaya \u00e7al\u0131\u015ft\u0131klar\u0131n\u0131 belirtti. Etiz,&nbsp;<strong>&#8220;AFAD olarak bir ekibimiz g\u00fcn\u00fcn her saati haz\u0131r durumda, il\u00e7elerde ve k\u0131rsal kesimlerde meydana gelen kay\u0131p, kaza, deprem, sel gibi olaylarda ilk \u00f6nce itfaiye ve jandarma ekipleri m\u00fcdahale ediyor. Ekipman\u0131n gerekti\u011fi daha b\u00fcy\u00fck olaylarda ise AFAD olarak biz yeti\u015fiyoruz. \u015eu zamana kadar ba\u015fta \u0130zmir, Ac\u0131payam, Bozkurt depremleri olmak \u00fczere \u00e7ok say\u0131da afet olay\u0131nda \u00e7al\u0131\u015ft\u0131k, bundan sonra da yapmaya devam edece\u011fiz.&#8221;<\/strong>&nbsp;dedi.<\/p>\n\n\n\n<figure class=\"wp-block-image\"><img decoding=\"async\" src=\"https:\/\/www.haberdenizli.com\/images\/upload\/WhatsApp-Image-2021-03-03-at-12.34.34.jpeg\" alt=\"Afed An\u0131nda Her Birey Ne Yapaca\u011f\u0131n\u0131 Bilmeli\"\/><\/figure>\n\n\n\n<p>AFAD Denizli \u0130l M\u00fcd\u00fcr Yard\u0131mc\u0131s\u0131 Do\u011fan Tufan taraf\u0131ndan programa kat\u0131lan gazeteciler afet ve acil durumlarda yap\u0131lmas\u0131 gerekenler hakk\u0131nda seminer verildi. Tufan,&nbsp;<strong>&#8220;Afet ve acil durumlarda herkesin birey olarak kendi \u00f6nlemini almas\u0131 gerekiyor. Bu tip bir durumda anne baba i\u015fte, \u00e7ocuklar ayr\u0131 okullarda, ya\u015fl\u0131lar evde herkes birbirinden ba\u011f\u0131ms\u0131z. Onun i\u00e7in herkesin kendi plan\u0131 olmal\u0131, bu e\u011fitimi sadece baban\u0131n almas\u0131 yetmez, evde bulunan herkesin afed ve acil durumda ne yapmas\u0131 gerekti\u011fini, kendini g\u00fcvene almas\u0131n\u0131 bilmesi gerekiyor.&#8221;<\/strong>&nbsp;dedi.<\/p>\n\n\n\n<figure class=\"wp-block-image\"><img decoding=\"async\" src=\"https:\/\/www.haberdenizli.com\/images\/upload\/WhatsApp-Image-2021-03-03-at-12.34.35.jpeg\" alt=\"Afed An\u0131nda Her Birey Ne Yapaca\u011f\u0131n\u0131 Bilmeli\"\/><\/figure>\n\n\n\n<figure class=\"wp-block-image\"><img decoding=\"async\" src=\"https:\/\/www.haberdenizli.com\/images\/upload\/WhatsApp-Image-2021-03-03-at-12.34.36-1.jpeg\" alt=\"Afed An\u0131nda Her Birey Ne Yapaca\u011f\u0131n\u0131 Bilmeli\"\/><\/figure>\n\n\n\n<figure class=\"wp-block-image\"><img decoding=\"async\" src=\"https:\/\/www.haberdenizli.com\/images\/upload\/WhatsApp-Image-2021-03-03-at-12.34.36.jpeg\" alt=\"Afed An\u0131nda Her Birey Ne Yapaca\u011f\u0131n\u0131 Bilmeli\"\/><\/figure>\n\n\n\n<figure class=\"wp-block-image\"><img decoding=\"async\" src=\"https:\/\/www.haberdenizli.com\/images\/upload\/WhatsApp-Image-2021-03-03-at-12.34.37-1.jpeg\" alt=\"Afed An\u0131nda Her Birey Ne Yapaca\u011f\u0131n\u0131 Bilmeli\"\/><\/figure>\n\n\n\n<figure class=\"wp-block-image\"><img decoding=\"async\" src=\"https:\/\/www.haberdenizli.com\/images\/upload\/WhatsApp-Image-2021-03-03-at-12.34.37.jpeg\" alt=\"Afed An\u0131nda Her Birey Ne Yapaca\u011f\u0131n\u0131 Bilmeli\"\/><\/figure>\n","protected":false},"excerpt":{"rendered":"<p>Afed ve Acil Durum Y\u00f6netim Ba\u015fkanl\u0131\u011f\u0131 (AFAD) Denizli il m\u00fcd\u00fcrl\u00fc\u011f\u00fc, Denizli&#8217;de g\u00f6rev yapan yerel ve ulusal medya temsilcileriyle bir araya geldi. Denizli Polisevi&#8217;nde ger\u00e7ekle\u015fen toplant\u0131ya&nbsp;Afed&nbsp;ve&nbsp;Acil Durum&nbsp;Y\u00f6netim Ba\u015fkanl\u0131\u011f\u0131 (AFAD) Denizli il m\u00fcd\u00fcr\u00fc Ali Etiz, m\u00fcd\u00fcr yard\u0131mc\u0131s\u0131 Do\u011fan Tuvan, Denizli Gazeteciler Cemiyeti Ba\u015fkan Yard\u0131mc\u0131s\u0131 Mesut G\u00fcler, Denizli Yeni Medya Yay\u0131nc\u0131lar\u0131 Derne\u011fi Ba\u015fkan\u0131 Serkan Urganc\u0131&#8217;n\u0131n kentte g\u00f6rev yapan [&hellip;]<\/p>\n","protected":false},"author":1,"featured_media":0,"comment_status":"open","ping_status":"open","sticky":false,"template":"","format":"standard","meta":{"om_disable_all_campaigns":false,"_monsterinsights_skip_tracking":false,"_monsterinsights_sitenote_active":false,"_monsterinsights_sitenote_note":"","_monsterinsights_sitenote_category":0,"footnotes":""},"categories":[1],"tags":[],"aioseo_notices":[],"_links":{"self":[{"href":"https:\/\/www.denizliviphaber.com\/index.php\/wp-json\/wp\/v2\/posts\/2330"}],"collection":[{"href":"https:\/\/www.denizliviphaber.com\/index.php\/wp-json\/wp\/v2\/posts"}],"about":[{"href":"https:\/\/www.denizliviphaber.com\/index.php\/wp-json\/wp\/v2\/types\/post"}],"author":[{"embeddable":true,"href":"https:\/\/www.denizliviphaber.com\/index.php\/wp-json\/wp\/v2\/users\/1"}],"replies":[{"embeddable":true,"href":"https:\/\/www.denizliviphaber.com\/index.php\/wp-json\/wp\/v2\/comments?post=2330"}],"version-history":[{"count":1,"href":"https:\/\/www.denizliviphaber.com\/index.php\/wp-json\/wp\/v2\/posts\/2330\/revisions"}],"predecessor-version":[{"id":2332,"href":"https:\/\/www.denizliviphaber.com\/index.php\/wp-json\/wp\/v2\/posts\/2330\/revisions\/2332"}],"wp:attachment":[{"href":"https:\/\/www.denizliviphaber.com\/index.php\/wp-json\/wp\/v2\/media?parent=2330"}],"wp:term":[{"taxonomy":"category","embeddable":true,"href":"https:\/\/www.denizliviphaber.com\/index.php\/wp-json\/wp\/v2\/categories?post=2330"},{"taxonomy":"post_tag","embeddable":true,"href":"https:\/\/www.denizliviphaber.com\/index.php\/wp-json\/wp\/v2\/tags?post=2330"}],"curies":[{"name":"wp","href":"https:\/\/api.w.org\/{rel}","templated":true}]}}