{"id":2280,"date":"2021-02-18T09:24:59","date_gmt":"2021-02-18T06:24:59","guid":{"rendered":"http:\/\/www.denizliviphaber.com\/?p=2280"},"modified":"2021-02-18T09:25:00","modified_gmt":"2021-02-18T06:25:00","slug":"takla-atan-aractan-hafif-yarali-kurtuldular","status":"publish","type":"post","link":"https:\/\/www.denizliviphaber.com\/index.php\/2021\/02\/18\/takla-atan-aractan-hafif-yarali-kurtuldular\/","title":{"rendered":"Takla Atan Ara\u00e7tan Hafif Yaral\u0131 Kurtuldular"},"content":{"rendered":"\n<h2 class=\"wp-block-heading\">Denizli\u2019de direksiyon hakimiyetini kaybeden s\u00fcr\u00fcc\u00fc, \u00f6nce beton duvara ard\u0131ndan orta ref\u00fcj kald\u0131r\u0131mlar\u0131na vurarak savruldu. Takla atan arac\u0131n i\u00e7indekiler yaral\u0131 olarak kurtar\u0131ld\u0131.<\/h2>\n\n\n\n<figure class=\"wp-block-image size-large\"><img decoding=\"async\" loading=\"lazy\" width=\"718\" height=\"374\" src=\"https:\/\/www.denizliviphaber.com\/wp-content\/uploads\/2021\/02\/denizli-kaza-takla-atti-acipayam_1.jpg\" alt=\"\" class=\"wp-image-2281\" srcset=\"https:\/\/www.denizliviphaber.com\/wp-content\/uploads\/2021\/02\/denizli-kaza-takla-atti-acipayam_1.jpg 718w, https:\/\/www.denizliviphaber.com\/wp-content\/uploads\/2021\/02\/denizli-kaza-takla-atti-acipayam_1-300x156.jpg 300w\" sizes=\"(max-width: 718px) 100vw, 718px\" \/><\/figure>\n\n\n\n<p>Denizli\u2019de direksiyon hakimiyetini kaybeden s\u00fcr\u00fcc\u00fc, \u00f6nce beton duvara ard\u0131ndan orta ref\u00fcj kald\u0131r\u0131mlar\u0131na vurarak savruldu. Savrulan ara\u00e7 taklalar att\u0131ktan sonra ters d\u00f6nerek durabildi. Ara\u00e7 i\u00e7erisinde bulunan 2 ki\u015fi ise yaraland\u0131.<br>Kaza,&nbsp;<strong>Pamukkale il\u00e7esi<\/strong>&nbsp;<strong>Ac\u0131payam Bulvar\u0131<\/strong>&nbsp;\u00fczerinde meydana geldi. Edinilen bilgilere g\u00f6re M.E., idaresindeki 20 BG 240 plakal\u0131 otomobili ile seyir halinde iken direksiyon hakimiyetini kaybederek \u00f6nce beton duvara \u00e7arpt\u0131. \u00c7arpman\u0131n etkisi ile di\u011fer tarafa y\u00f6nelen otomobil, orta ref\u00fcjde bulunan kald\u0131r\u0131mlara \u00e7arparak savruldu. Savrulman\u0131n etkisi ile taklalar atan otomobil ters d\u00f6nerek durabildi. \u00c7evredeki vatanda\u015flar\u0131n ihbar\u0131 \u00fczerine b\u00f6lgeye polis ve sa\u011fl\u0131k ekipleri sevk edildi. Soka\u011fa \u00e7\u0131kma k\u0131s\u0131tlamas\u0131n\u0131n s\u00fcrd\u00fc\u011f\u00fc saatlerinde bo\u015f yolda meydana gelen kazada otomobil i\u00e7erisinde bulunan , ve Y.K., hafif \u015fekilde yaraland\u0131. Ters d\u00f6nen otomobilden neredeyse yara bile almadan kurtulan iki arkada\u015f, sa\u011fl\u0131k ekipleri taraf\u0131ndan tedbir ama\u00e7l\u0131 Pamukkale \u00dcniversitesi Hastanesine kald\u0131r\u0131ld\u0131.<\/p>\n\n\n\n<h3 class=\"wp-block-heading\">\u00c7ok s\u00fcratliydi<\/h3>\n\n\n\n<p>Olay\u0131n g\u00f6rg\u00fc \u015fahitlerinden Beykan Bardan ve Burak Tokta\u015f, \u201c<strong>Ben k\u00f6pr\u00fcye girmi\u015ftim \u015furadan kendi arac\u0131mla kar\u015f\u0131dan geliyordu, g\u00f6rd\u00fcm. Tam k\u00f6pr\u00fc \u00e7\u0131k\u0131\u015f\u0131nda devrilerek, takla atarak geldi\u011fini g\u00f6rd\u00fcm. Hemen ilerden k\u00f6pr\u00fcden geri d\u00f6nd\u00fcm. Durumlar\u0131na bakmaya geldim, en son g\u00f6rd\u00fc\u011f\u00fcmde arkada\u015f yaral\u0131yd\u0131. Baya son s\u00fcrat h\u0131zl\u0131yd\u0131. Ben ilerden geliyordum, arabam bozulmu\u015ftu. H\u0131zl\u0131 geliyordu zaten. Ba\u015f\u0131na bir i\u015f gelecek dedim. Kaza yapm\u0131\u015f, baya h\u0131zl\u0131yd\u0131<\/strong>\u201d ifadelerini kulland\u0131.<\/p>\n\n\n\n<p>Kazayla ilgili soru\u015fturma ba\u015flat\u0131ld\u0131.<\/p>\n\n\n\n<figure class=\"wp-block-image\"><img decoding=\"async\" src=\"https:\/\/www.haberdenizli.com\/images\/upload\/denizli-kaza-takla-atti-acipayam1.jpg\" alt=\"\"\/><\/figure>\n","protected":false},"excerpt":{"rendered":"<p>Denizli\u2019de direksiyon hakimiyetini kaybeden s\u00fcr\u00fcc\u00fc, \u00f6nce beton duvara ard\u0131ndan orta ref\u00fcj kald\u0131r\u0131mlar\u0131na vurarak savruldu. Takla atan arac\u0131n i\u00e7indekiler yaral\u0131 olarak kurtar\u0131ld\u0131. Denizli\u2019de direksiyon hakimiyetini kaybeden s\u00fcr\u00fcc\u00fc, \u00f6nce beton duvara ard\u0131ndan orta ref\u00fcj kald\u0131r\u0131mlar\u0131na vurarak savruldu. Savrulan ara\u00e7 taklalar att\u0131ktan sonra ters d\u00f6nerek durabildi. Ara\u00e7 i\u00e7erisinde bulunan 2 ki\u015fi ise yaraland\u0131.Kaza,&nbsp;Pamukkale il\u00e7esi&nbsp;Ac\u0131payam Bulvar\u0131&nbsp;\u00fczerinde meydana geldi. Edinilen [&hellip;]<\/p>\n","protected":false},"author":1,"featured_media":0,"comment_status":"open","ping_status":"open","sticky":false,"template":"","format":"standard","meta":{"om_disable_all_campaigns":false,"_monsterinsights_skip_tracking":false,"_monsterinsights_sitenote_active":false,"_monsterinsights_sitenote_note":"","_monsterinsights_sitenote_category":0,"footnotes":""},"categories":[1],"tags":[],"aioseo_notices":[],"_links":{"self":[{"href":"https:\/\/www.denizliviphaber.com\/index.php\/wp-json\/wp\/v2\/posts\/2280"}],"collection":[{"href":"https:\/\/www.denizliviphaber.com\/index.php\/wp-json\/wp\/v2\/posts"}],"about":[{"href":"https:\/\/www.denizliviphaber.com\/index.php\/wp-json\/wp\/v2\/types\/post"}],"author":[{"embeddable":true,"href":"https:\/\/www.denizliviphaber.com\/index.php\/wp-json\/wp\/v2\/users\/1"}],"replies":[{"embeddable":true,"href":"https:\/\/www.denizliviphaber.com\/index.php\/wp-json\/wp\/v2\/comments?post=2280"}],"version-history":[{"count":1,"href":"https:\/\/www.denizliviphaber.com\/index.php\/wp-json\/wp\/v2\/posts\/2280\/revisions"}],"predecessor-version":[{"id":2282,"href":"https:\/\/www.denizliviphaber.com\/index.php\/wp-json\/wp\/v2\/posts\/2280\/revisions\/2282"}],"wp:attachment":[{"href":"https:\/\/www.denizliviphaber.com\/index.php\/wp-json\/wp\/v2\/media?parent=2280"}],"wp:term":[{"taxonomy":"category","embeddable":true,"href":"https:\/\/www.denizliviphaber.com\/index.php\/wp-json\/wp\/v2\/categories?post=2280"},{"taxonomy":"post_tag","embeddable":true,"href":"https:\/\/www.denizliviphaber.com\/index.php\/wp-json\/wp\/v2\/tags?post=2280"}],"curies":[{"name":"wp","href":"https:\/\/api.w.org\/{rel}","templated":true}]}}