{"id":2079,"date":"2021-02-02T13:11:19","date_gmt":"2021-02-02T10:11:19","guid":{"rendered":"http:\/\/www.denizliviphaber.com\/?p=2079"},"modified":"2021-02-02T13:11:20","modified_gmt":"2021-02-02T10:11:20","slug":"ataturkun-denizliye-gelisinin-90-yildonumu-torenlerle-anilacak","status":"publish","type":"post","link":"https:\/\/www.denizliviphaber.com\/index.php\/2021\/02\/02\/ataturkun-denizliye-gelisinin-90-yildonumu-torenlerle-anilacak\/","title":{"rendered":"Atat\u00fcrk&#8217;\u00fcn Denizli&#8217;ye Geli\u015finin 90. Y\u0131ld\u00f6n\u00fcm\u00fc T\u00f6renlerle An\u0131lacak"},"content":{"rendered":"\n<h2 class=\"wp-block-heading\">Gazi Mustafa Kemal Atat\u00fcrk\u2019\u00fcn Denizli\u2019ye geli\u015finin 90. y\u0131ld\u00f6n\u00fcm\u00fc \u00e7e\u015fitli etkinliklerle an\u0131lacak. Denizli B\u00fcy\u00fck\u015fehir Belediyesi tarihi ziyaret i\u00e7in 4 \u015eubat 2021&#8217;de 15 Temmuz Delikli\u00e7\u0131nar \u015eehitler Meydan\u0131&#8217;nda sergi a\u00e7\u0131l\u0131\u015f\u0131 ger\u00e7ekle\u015ftirecek.<\/h2>\n\n\n\n<h2 class=\"wp-block-heading\"><\/h2>\n\n\n\n<figure class=\"wp-block-image size-large\"><img decoding=\"async\" loading=\"lazy\" width=\"718\" height=\"374\" src=\"https:\/\/www.denizliviphaber.com\/wp-content\/uploads\/2021\/02\/toren-buyuksehir-haberleri.jpg\" alt=\"\" class=\"wp-image-2080\" srcset=\"https:\/\/www.denizliviphaber.com\/wp-content\/uploads\/2021\/02\/toren-buyuksehir-haberleri.jpg 718w, https:\/\/www.denizliviphaber.com\/wp-content\/uploads\/2021\/02\/toren-buyuksehir-haberleri-300x156.jpg 300w\" sizes=\"(max-width: 718px) 100vw, 718px\" \/><\/figure>\n\n\n\n<p>T\u00fcrkiye Cumhuriyeti\u2019nin kurucusu\u00a0<strong>Gazi Mustafa Kemal Atat\u00fcrk<\/strong>\u2019\u00fcn Denizli\u2019ye geli\u015finin 90. y\u0131ld\u00f6n\u00fcm\u00fc dolay\u0131s\u0131yla \u00e7e\u015fitli programlar d\u00fczenlenecek. Bu kapsamda ilk t\u00f6ren 04 \u015eubat 2021 Per\u015fembe g\u00fcn\u00fc saat 10.00&#8217;da\u00a0<strong>15 Temmuz Delikli\u00e7\u0131nar \u015eehitler Meydan\u0131<\/strong>&#8216;ndaki Atat\u00fcrk An\u0131t\u0131&#8217;na \u00e7elenk sunulmas\u0131 ile ba\u015flayacak. Buradaki program\u0131n hemen ard\u0131ndan Mustafa Kemal Atat\u00fcrk\u2019\u00fcn 4 \u015eubat 1931 Denizli ziyareti ve yurt gezilerinden derlenen foto\u011fraf ve resimlerin bulundu\u011fu serginin a\u00e7\u0131l\u0131\u015f\u0131 yap\u0131lacak. Saat 11.00&#8217;de ise Pamukkale \u00dcniversitesi&#8217;nden Prof. Dr. Ercan Hayto\u011flu, \u201c90.Y\u0131l\u0131nda Atat\u00fcrk\u2019\u00fcn Denizli Ziyaretlerine Bir Bak\u0131\u015f\u201d konulu e-konferans (http:\/\/youtube.com\/channel\/UCiFDj2hmRqhE2OqZ6qVokGw) verecek. \u00d6te yandan 10.00-17.00 saatleri aras\u0131nda Atat\u00fcrk Etnografya M\u00fczesi\u2019nin ziyaret edilebilece\u011fi kaydedildi.<\/p>\n","protected":false},"excerpt":{"rendered":"<p>Gazi Mustafa Kemal Atat\u00fcrk\u2019\u00fcn Denizli\u2019ye geli\u015finin 90. y\u0131ld\u00f6n\u00fcm\u00fc \u00e7e\u015fitli etkinliklerle an\u0131lacak. Denizli B\u00fcy\u00fck\u015fehir Belediyesi tarihi ziyaret i\u00e7in 4 \u015eubat 2021&#8217;de 15 Temmuz Delikli\u00e7\u0131nar \u015eehitler Meydan\u0131&#8217;nda sergi a\u00e7\u0131l\u0131\u015f\u0131 ger\u00e7ekle\u015ftirecek. T\u00fcrkiye Cumhuriyeti\u2019nin kurucusu\u00a0Gazi Mustafa Kemal Atat\u00fcrk\u2019\u00fcn Denizli\u2019ye geli\u015finin 90. y\u0131ld\u00f6n\u00fcm\u00fc dolay\u0131s\u0131yla \u00e7e\u015fitli programlar d\u00fczenlenecek. Bu kapsamda ilk t\u00f6ren 04 \u015eubat 2021 Per\u015fembe g\u00fcn\u00fc saat 10.00&#8217;da\u00a015 Temmuz Delikli\u00e7\u0131nar [&hellip;]<\/p>\n","protected":false},"author":1,"featured_media":0,"comment_status":"open","ping_status":"open","sticky":false,"template":"","format":"standard","meta":{"om_disable_all_campaigns":false,"_monsterinsights_skip_tracking":false,"_monsterinsights_sitenote_active":false,"_monsterinsights_sitenote_note":"","_monsterinsights_sitenote_category":0,"footnotes":""},"categories":[1],"tags":[],"aioseo_notices":[],"_links":{"self":[{"href":"https:\/\/www.denizliviphaber.com\/index.php\/wp-json\/wp\/v2\/posts\/2079"}],"collection":[{"href":"https:\/\/www.denizliviphaber.com\/index.php\/wp-json\/wp\/v2\/posts"}],"about":[{"href":"https:\/\/www.denizliviphaber.com\/index.php\/wp-json\/wp\/v2\/types\/post"}],"author":[{"embeddable":true,"href":"https:\/\/www.denizliviphaber.com\/index.php\/wp-json\/wp\/v2\/users\/1"}],"replies":[{"embeddable":true,"href":"https:\/\/www.denizliviphaber.com\/index.php\/wp-json\/wp\/v2\/comments?post=2079"}],"version-history":[{"count":1,"href":"https:\/\/www.denizliviphaber.com\/index.php\/wp-json\/wp\/v2\/posts\/2079\/revisions"}],"predecessor-version":[{"id":2081,"href":"https:\/\/www.denizliviphaber.com\/index.php\/wp-json\/wp\/v2\/posts\/2079\/revisions\/2081"}],"wp:attachment":[{"href":"https:\/\/www.denizliviphaber.com\/index.php\/wp-json\/wp\/v2\/media?parent=2079"}],"wp:term":[{"taxonomy":"category","embeddable":true,"href":"https:\/\/www.denizliviphaber.com\/index.php\/wp-json\/wp\/v2\/categories?post=2079"},{"taxonomy":"post_tag","embeddable":true,"href":"https:\/\/www.denizliviphaber.com\/index.php\/wp-json\/wp\/v2\/tags?post=2079"}],"curies":[{"name":"wp","href":"https:\/\/api.w.org\/{rel}","templated":true}]}}