{"id":1910,"date":"2021-01-19T10:10:34","date_gmt":"2021-01-19T07:10:34","guid":{"rendered":"http:\/\/www.denizliviphaber.com\/?p=1910"},"modified":"2021-01-19T10:10:35","modified_gmt":"2021-01-19T07:10:35","slug":"cinayet-zanlisi-denizlide-yakalandi","status":"publish","type":"post","link":"https:\/\/www.denizliviphaber.com\/index.php\/2021\/01\/19\/cinayet-zanlisi-denizlide-yakalandi\/","title":{"rendered":"Cinayet Zanl\u0131s\u0131 Denizli&#8217;de Yakaland\u0131"},"content":{"rendered":"\n<h2 class=\"wp-block-heading\">Ba\u015fka bir ilde cinayete kar\u0131\u015fan K.E. isimli Denizli&#8217;nin Merkezefendi \u0130l\u00e7esi&#8217;nde yakaland\u0131.<\/h2>\n\n\n\n<figure class=\"wp-block-image size-large\"><img decoding=\"async\" loading=\"lazy\" width=\"637\" height=\"332\" src=\"https:\/\/www.denizliviphaber.com\/wp-content\/uploads\/2021\/01\/cinayet_zanlisi_denizli_de_yakalandi_h59281_934c2.jpg\" alt=\"\" class=\"wp-image-1911\" srcset=\"https:\/\/www.denizliviphaber.com\/wp-content\/uploads\/2021\/01\/cinayet_zanlisi_denizli_de_yakalandi_h59281_934c2.jpg 637w, https:\/\/www.denizliviphaber.com\/wp-content\/uploads\/2021\/01\/cinayet_zanlisi_denizli_de_yakalandi_h59281_934c2-300x156.jpg 300w\" sizes=\"(max-width: 637px) 100vw, 637px\" \/><\/figure>\n\n\n\n<p>Denizli&#8217;nin&nbsp;<strong>Merkezefendi<\/strong>&nbsp;\u0130l\u00e7esi&nbsp;<strong>G\u00fcm\u00fc\u015f\u00e7ay<\/strong>&nbsp;Mahallesi&#8217;nde&nbsp;<strong>cinayet<\/strong>ten aranan zanl\u0131 polis ekiplerince yakaland\u0131.<\/p>\n\n\n\n<p>Bir evin bodrum kat\u0131nda yakalanan ve ba\u015fka ilde cinayetten aranan 52 y\u0131l kesinle\u015fmi\u015f hapis cezas\u0131 bulunan K.E. isimli zanl\u0131 Denizli Emniyet M\u00fcd\u00fcrl\u00fc\u011f\u00fc&#8217;n\u00fcn ba\u015far\u0131l\u0131 \u00e7al\u0131\u015fmas\u0131 sonucu yakaland\u0131.<\/p>\n","protected":false},"excerpt":{"rendered":"<p>Ba\u015fka bir ilde cinayete kar\u0131\u015fan K.E. isimli Denizli&#8217;nin Merkezefendi \u0130l\u00e7esi&#8217;nde yakaland\u0131. Denizli&#8217;nin&nbsp;Merkezefendi&nbsp;\u0130l\u00e7esi&nbsp;G\u00fcm\u00fc\u015f\u00e7ay&nbsp;Mahallesi&#8217;nde&nbsp;cinayetten aranan zanl\u0131 polis ekiplerince yakaland\u0131. Bir evin bodrum kat\u0131nda yakalanan ve ba\u015fka ilde cinayetten aranan 52 y\u0131l kesinle\u015fmi\u015f hapis cezas\u0131 bulunan K.E. isimli zanl\u0131 Denizli Emniyet M\u00fcd\u00fcrl\u00fc\u011f\u00fc&#8217;n\u00fcn ba\u015far\u0131l\u0131 \u00e7al\u0131\u015fmas\u0131 sonucu yakaland\u0131.<\/p>\n","protected":false},"author":1,"featured_media":0,"comment_status":"open","ping_status":"open","sticky":false,"template":"","format":"standard","meta":{"om_disable_all_campaigns":false,"_monsterinsights_skip_tracking":false,"_monsterinsights_sitenote_active":false,"_monsterinsights_sitenote_note":"","_monsterinsights_sitenote_category":0,"footnotes":""},"categories":[1],"tags":[],"aioseo_notices":[],"_links":{"self":[{"href":"https:\/\/www.denizliviphaber.com\/index.php\/wp-json\/wp\/v2\/posts\/1910"}],"collection":[{"href":"https:\/\/www.denizliviphaber.com\/index.php\/wp-json\/wp\/v2\/posts"}],"about":[{"href":"https:\/\/www.denizliviphaber.com\/index.php\/wp-json\/wp\/v2\/types\/post"}],"author":[{"embeddable":true,"href":"https:\/\/www.denizliviphaber.com\/index.php\/wp-json\/wp\/v2\/users\/1"}],"replies":[{"embeddable":true,"href":"https:\/\/www.denizliviphaber.com\/index.php\/wp-json\/wp\/v2\/comments?post=1910"}],"version-history":[{"count":1,"href":"https:\/\/www.denizliviphaber.com\/index.php\/wp-json\/wp\/v2\/posts\/1910\/revisions"}],"predecessor-version":[{"id":1912,"href":"https:\/\/www.denizliviphaber.com\/index.php\/wp-json\/wp\/v2\/posts\/1910\/revisions\/1912"}],"wp:attachment":[{"href":"https:\/\/www.denizliviphaber.com\/index.php\/wp-json\/wp\/v2\/media?parent=1910"}],"wp:term":[{"taxonomy":"category","embeddable":true,"href":"https:\/\/www.denizliviphaber.com\/index.php\/wp-json\/wp\/v2\/categories?post=1910"},{"taxonomy":"post_tag","embeddable":true,"href":"https:\/\/www.denizliviphaber.com\/index.php\/wp-json\/wp\/v2\/tags?post=1910"}],"curies":[{"name":"wp","href":"https:\/\/api.w.org\/{rel}","templated":true}]}}